{"id":3595,"date":"2012-01-12T10:18:13","date_gmt":"2012-01-12T10:18:13","guid":{"rendered":"http:\/\/www.nyalatravel.com\/wordpress\/the-botanical-gardens-in-italian-riviera-2\/"},"modified":"2024-08-01T08:13:16","modified_gmt":"2024-08-01T08:13:16","slug":"the-botanical-gardens-in-italian-riviera","status":"publish","type":"post","link":"https:\/\/nyalatravel.com\/fr\/the-botanical-gardens-in-italian-riviera\/","title":{"rendered":"Les jardins botaniques de la Ligurie"},"content":{"rendered":"<p>[et_pb_section fb_built=\u00a0\u00bb1&Prime; _builder_version=\u00a0\u00bb3.22&Prime; global_colors_info=\u00a0\u00bb{}\u00a0\u00bb][et_pb_row _builder_version=\u00a0\u00bb3.25&Prime; background_size=\u00a0\u00bbinitial\u00a0\u00bb background_position=\u00a0\u00bbtop_left\u00a0\u00bb background_repeat=\u00a0\u00bbrepeat\u00a0\u00bb global_colors_info=\u00a0\u00bb{}\u00a0\u00bb][et_pb_column type=\u00a0\u00bb4_4&Prime; _builder_version=\u00a0\u00bb3.25&Prime; custom_padding=\u00a0\u00bb|||\u00a0\u00bb global_colors_info=\u00a0\u00bb{}\u00a0\u00bb custom_padding__hover=\u00a0\u00bb|||\u00a0\u00bb][et_pb_text _builder_version=\u00a0\u00bb3.29.3&Prime; background_size=\u00a0\u00bbinitial\u00a0\u00bb background_position=\u00a0\u00bbtop_left\u00a0\u00bb background_repeat=\u00a0\u00bbrepeat\u00a0\u00bb global_colors_info=\u00a0\u00bb{}\u00a0\u00bb]<\/p>\n<h4>Les jardins de Ligurie couvrent toute la r\u00e9gion, et il y en a de magnifiques dans les quatre provinces de Ligurie. Nous sommes \u00e0 votre disposition pour les inclure dans la planification de votre voyage en Ligurie.<\/h4>\n<p>[\/et_pb_text][\/et_pb_column][\/et_pb_row][et_pb_row column_structure=\u00a0\u00bb1_2,1_2&Prime; _builder_version=\u00a0\u00bb3.29.3&Prime; width=\u00a0\u00bb63.3%\u00a0\u00bb custom_margin=\u00a0\u00bb-1px|auto||auto||\u00a0\u00bb global_colors_info=\u00a0\u00bb{}\u00a0\u00bb][et_pb_column type=\u00a0\u00bb1_2&Prime; _builder_version=\u00a0\u00bb3.29.3&Prime; global_colors_info=\u00a0\u00bb{}\u00a0\u00bb][et_pb_blurb title=\u00a0\u00bbRiviera des fleurs\u00a0\u00bb use_icon=\u00a0\u00bbon\u00a0\u00bb font_icon=\u00a0\u00bb%%122%%\u00a0\u00bb icon_placement=\u00a0\u00bbleft\u00a0\u00bb _builder_version=\u00a0\u00bb3.29.3&Prime; global_colors_info=\u00a0\u00bb{}\u00a0\u00bb][\/et_pb_blurb][\/et_pb_column][et_pb_column type=\u00a0\u00bb1_2&Prime; _builder_version=\u00a0\u00bb3.29.3&Prime; global_colors_info=\u00a0\u00bb{}\u00a0\u00bb][et_pb_blurb title=\u00a0\u00bbLiguria\u00a0\u00bb use_icon=\u00a0\u00bbon\u00a0\u00bb font_icon=\u00a0\u00bb%%122%%\u00a0\u00bb icon_placement=\u00a0\u00bbleft\u00a0\u00bb _builder_version=\u00a0\u00bb3.29.3&Prime; global_colors_info=\u00a0\u00bb{}\u00a0\u00bb][\/et_pb_blurb][\/et_pb_column][\/et_pb_row][et_pb_row _builder_version=\u00a0\u00bb3.29.3&Prime; background_color=\u00a0\u00bb#d6d6d6&Prime; custom_padding=\u00a0\u00bb10px|5px|10px|5px|false|false\u00a0\u00bb global_colors_info=\u00a0\u00bb{}\u00a0\u00bb][et_pb_column type=\u00a0\u00bb4_4&Prime; _builder_version=\u00a0\u00bb3.29.3&Prime; global_colors_info=\u00a0\u00bb{}\u00a0\u00bb][et_pb_text _builder_version=\u00a0\u00bb4.11.2&Prime; text_text_color=\u00a0\u00bb#0c71c3&Prime; background_size=\u00a0\u00bbinitial\u00a0\u00bb background_position=\u00a0\u00bbtop_left\u00a0\u00bb background_repeat=\u00a0\u00bbrepeat\u00a0\u00bb custom_padding=\u00a0\u00bb||0px|0px||\u00a0\u00bb hover_enabled=\u00a0\u00bb0&Prime; global_colors_info=\u00a0\u00bb{}\u00a0\u00bb sticky_enabled=\u00a0\u00bb0&Prime;]<\/p>\n<p>Certains de ces jardins ont toujours \u00e9t\u00e9 c\u00e9l\u00e8bres et connus, tandis que d&rsquo;autres sont comme une perle dans son propre \u00e9crin, r\u00e9v\u00e9lant leur nature spectaculaire \u00e0 ceux qui ont la patience et la curiosit\u00e9 de les d\u00e9couvrir et de profiter pleinement de leur merveille. Les jardins liguriens sont situ\u00e9s dans une zone au climat doux toute l&rsquo;ann\u00e9e, embrass\u00e9e par la mer, et ont la caract\u00e9ristique de pouvoir offrir, parmi les vari\u00e9t\u00e9s botaniques qu&rsquo;ils accueillent, de nombreuses plantes tropicales et subtropicales qui ne pourraient pas vivre dans d&rsquo;autres r\u00e9gions d&rsquo;Italie ou d&rsquo;Europe. La meilleure saison pour la floraison est sans aucun doute le printemps, mais toute l&rsquo;ann\u00e9e, vous pouvez admirer toutes sortes de plantes et dans de nombreux jardins, la flore est encadr\u00e9e par de nombreuses fontaines, statues et mobilier d&rsquo;\u00e9poque qui rendent les lieux encore plus attrayants. Il existe \u00e9galement de nombreux jardins donnant sur la mer qui offrent des vues fabuleuses sur la mer de Ligurie \u00e0 travers le feuillage des arbustes.<\/p>\n<p>Jardins botaniques de Hanbury (Vintimille)<br \/>\nL&rsquo;un des jardins botaniques d&rsquo;acclimatation les plus c\u00e9l\u00e8bres au monde se trouve \u00e0 La Mortola. Il a \u00e9t\u00e9 cr\u00e9\u00e9 en 1867 par les fr\u00e8res anglais Thomas et Daniel Hanbury, qui ont achet\u00e9 la propri\u00e9t\u00e9 \u00e0 la famille Orengo.<br \/>\nLe lieu o\u00f9 il se trouve est d\u00e9j\u00e0 fantastique, accroch\u00e9 \u00e0 la c\u00f4te il offre des vues incroyables sur la mer bleue, mais dans la merveille du lieu s&rsquo;ins\u00e8rent les parcours th\u00e9matiques : le jardin japonais, la for\u00eat australienne, le jardin des parfums, des roses, des plantes succulentes, l&rsquo;avenue des Cicas, le secteur des Alo\u00e8s et des Agaves pour ensuite plonger dans la plaine des agrumes et des plantes fruiti\u00e8res tropicales.<\/p>\n<p>Jardin exotique de Pallanca (Bordighera)<br \/>\nLe Jardin exotique de Pallanca se trouve \u00e0 l&rsquo;entr\u00e9e de la ville de Bordighera, un lieu parsem\u00e9 de plus de trois mille deux cents plantes de diff\u00e9rentes vari\u00e9t\u00e9s, dont une tr\u00e8s importante collection de cactus, l&rsquo;une des plus pr\u00e9cieuses d&rsquo;Italie.<br \/>\nLe jardin \u00e9vocateur se pr\u00e9sente comme une pente rocheuse abrupte surplombant la mer, un ancien sentier muletier marque le chemin qui alterne entre les fasce typiques de la Ligurie, ou terrasses faites de murs en pierre s\u00e8che, le tout accompagn\u00e9 de d\u00e9licieuses vari\u00e9t\u00e9s exotiques qui embellissent le paysage lin\u00e9aire et essentiel de la c\u00f4te ligure.<\/p>\n<p>Villa Ormond Garden (Sanremo)<br \/>\nLa splendeur du parc entourant la Villa Ormond, \u00e0 Sanremo, est due \u00e0 l&rsquo;inventivit\u00e9 et \u00e0 la passion pour les jardins d&rsquo;un riche marchand de tabac originaire de Suisse : Michel-Louis Ormond.<br \/>\nLe parc est divis\u00e9 en deux parties, au-dessus et en dessous de la route, et offre des coins sp\u00e9ciaux de grand int\u00e9r\u00eat botanique comme le palmetum avec plus de soixante-dix esp\u00e8ces de palmiers de tous les continents, le bois de c\u00e8dres, le parc de Ficus et l&rsquo;oliveraie.<br \/>\nLes jardins comprennent \u00e9galement une zone d\u00e9di\u00e9e au jardin japonais, en l&rsquo;honneur de la ville du Soleil Levant, Atami, jumel\u00e9e avec Sanremo.<\/p>\n<p>Villa Nobel Garden (Sanremo)<br \/>\nLe jardin de la Villa Nobel \u00e0 Sanremo entoure la villa o\u00f9 Alfred Nobel a v\u00e9cu dans la s\u00e9r\u00e9nit\u00e9 les derni\u00e8res ann\u00e9es de sa vie jusqu&rsquo;\u00e0 sa mort en 1896.<br \/>\nDans ce lieu que le grand scientifique appelait \u00ab\u00a0mon nid\u00a0\u00bb, vous pouvez admirer des palmiers luxuriants qui couvrent une superficie d&rsquo;environ 6099,10 m\u00e8tres carr\u00e9s, accompagn\u00e9s de fleurs, de vari\u00e9t\u00e9s d&rsquo;arbustes et de plantes exotiques rares.<br \/>\nLa villa et le parc sont aujourd&rsquo;hui la propri\u00e9t\u00e9 de la province d&rsquo;Imperia, qui s&rsquo;est charg\u00e9e de la restauration et en a fait un mus\u00e9e et un centre de congr\u00e8s.<\/p>\n<p>Jardin de la Villa Grock (Imperia)<br \/>\nLa Villa et le Jardin ont \u00e9t\u00e9 cr\u00e9\u00e9s en 1927 par Adrien Wettach, plus connu sous le nom de Grock, le clown le plus c\u00e9l\u00e8bre de tous les si\u00e8cles, deux cr\u00e9ations imaginatives et \u00e9tonnantes qui se dressent sur les collines d&rsquo;Imperia Oneglia avec une vue magnifique sur la mer.<br \/>\nLe parc abrite des curiosit\u00e9s architecturales, des merveilles botaniques et des installations hydrauliques avant-gardistes pour l&rsquo;\u00e9poque.<br \/>\nTout rappelle la folie et la magie du cirque et Grock les a magistralement ramen\u00e9es dans sa maison et dans le parc qui l&rsquo;entoure.<\/p>\n<p>[\/et_pb_text][\/et_pb_column][\/et_pb_row][et_pb_row _builder_version=\u00a0\u00bb3.29.3&Prime; global_colors_info=\u00a0\u00bb{}\u00a0\u00bb][et_pb_column type=\u00a0\u00bb4_4&Prime; _builder_version=\u00a0\u00bb3.29.3&Prime; global_colors_info=\u00a0\u00bb{}\u00a0\u00bb][et_pb_text _builder_version=\u00a0\u00bb3.29.3&Prime; hover_enabled=\u00a0\u00bb0&Prime; global_colors_info=\u00a0\u00bb{}\u00a0\u00bb sticky_enabled=\u00a0\u00bb0&Prime;]<\/p>\n<h4>Province de Savone<\/h4>\n<p>[\/et_pb_text][\/et_pb_column][\/et_pb_row][et_pb_row _builder_version=\u00a0\u00bb3.29.3&Prime; background_color=\u00a0\u00bb#d6d6d6&Prime; custom_padding=\u00a0\u00bb10px|5px|10px|5px|false|false\u00a0\u00bb global_colors_info=\u00a0\u00bb{}\u00a0\u00bb][et_pb_column type=\u00a0\u00bb4_4&Prime; _builder_version=\u00a0\u00bb3.29.3&Prime; global_colors_info=\u00a0\u00bb{}\u00a0\u00bb][et_pb_text _builder_version=\u00a0\u00bb3.29.3&Prime; text_text_color=\u00a0\u00bb#0c71c3&Prime; background_size=\u00a0\u00bbinitial\u00a0\u00bb background_position=\u00a0\u00bbtop_left\u00a0\u00bb background_repeat=\u00a0\u00bbrepeat\u00a0\u00bb global_colors_info=\u00a0\u00bb{}\u00a0\u00bb]<\/p>\n<p>Jardin de la Villa Faraggiana (Albissola Marina)<br \/>\nLe jardin de la Villa Faraggiana entoure une \u00e9l\u00e9gante villa du XVIIIe si\u00e8cle, exprimant toute la majest\u00e9 et la richesse d&rsquo;un vaste parc de l&rsquo;\u00e9poque.<br \/>\nLes plantes et les fleurs sont encadr\u00e9es par des statues anciennes, de d\u00e9licats parterres et de vastes pergolas.<\/p>\n<p>Ermitage du d\u00e9sert, parc botanique (Varazze)<br \/>\nL&rsquo;Eremo del Deserto est un monast\u00e8re carm\u00e9lite datant du XVIIe si\u00e8cle.<br \/>\nLe Couvent est entour\u00e9 d&rsquo;un sentier botanique d&rsquo;environ deux kilom\u00e8tres et demi qui serpente en anneau et qui a une importante valeur naturaliste.<br \/>\nLa particularit\u00e9 de ce parcours est la coexistence en un m\u00eame lieu de plantes typiques du maquis m\u00e9diterran\u00e9en et d&rsquo;arbustes typiques des for\u00eats de montagne.<br \/>\nDans l&rsquo;\u00e9paisse v\u00e9g\u00e9tation, il est \u00e9galement possible de rencontrer sept \u00ab\u00a0ermitages\u00a0\u00bb, ou chapelles o\u00f9 les moines passaient des p\u00e9riodes de p\u00e9nitence et de strict isolement.<\/p>\n<p>[\/et_pb_text][\/et_pb_column][\/et_pb_row][et_pb_row _builder_version=\u00a0\u00bb3.29.3&Prime; global_colors_info=\u00a0\u00bb{}\u00a0\u00bb][et_pb_column type=\u00a0\u00bb4_4&Prime; _builder_version=\u00a0\u00bb3.29.3&Prime; global_colors_info=\u00a0\u00bb{}\u00a0\u00bb][et_pb_text _builder_version=\u00a0\u00bb3.29.3&Prime; global_colors_info=\u00a0\u00bb{}\u00a0\u00bb]<\/p>\n<h4>\u00a0<\/h4>\n<h4>Province de G\u00eanes<\/h4>\n<p>[\/et_pb_text][\/et_pb_column][\/et_pb_row][et_pb_row _builder_version=\u00a0\u00bb3.29.3&Prime; background_color=\u00a0\u00bb#d6d6d6&Prime; custom_padding=\u00a0\u00bb10px|5px|10px|5px|false|false\u00a0\u00bb global_colors_info=\u00a0\u00bb{}\u00a0\u00bb][et_pb_column type=\u00a0\u00bb4_4&Prime; _builder_version=\u00a0\u00bb3.29.3&Prime; global_colors_info=\u00a0\u00bb{}\u00a0\u00bb][et_pb_text _builder_version=\u00a0\u00bb3.29.3&Prime; text_text_color=\u00a0\u00bb#0c71c3&Prime; background_size=\u00a0\u00bbinitial\u00a0\u00bb background_position=\u00a0\u00bbtop_left\u00a0\u00bb background_repeat=\u00a0\u00bbrepeat\u00a0\u00bb global_colors_info=\u00a0\u00bb{}\u00a0\u00bb]<\/p>\n<p>Parcs Nervi (G\u00eanes)<br \/>\nLes parcs de Nervi comprennent les zones entourant les villas Serra, Groppallo et Grimaldi, et constituent le plus grand espace vert de la capitale de la Ligurie.<br \/>\nCr\u00e9\u00e9s au XIXe si\u00e8cle comme de simples jardins, ils sont devenus au fil du temps un luxuriant parc urbain travers\u00e9 d&rsquo;avenues et agr\u00e9ment\u00e9 de pelouses.<br \/>\nParmi les caract\u00e9ristiques les plus importantes du parc figure la roseraie, l&rsquo;une des plus belles du monde, avec plus de quatre cents vari\u00e9t\u00e9s de roses anciennes, ainsi que des centaines d&rsquo;esp\u00e8ces botaniques de la flore m\u00e9diterran\u00e9enne et d&rsquo;imposants arbustes s\u00e9culaires.<\/p>\n<p>Parc Villa Durazzo Pallavicini &#8211; Pegli (G\u00eanes)<br \/>\nUn parc unique dans tout G\u00eanes qui combine un parcours entre la nature, le th\u00e9\u00e2tre et l&rsquo;architecture, con\u00e7u dans la premi\u00e8re moiti\u00e9 du XIXe si\u00e8cle par Michele Canzio, sc\u00e9nographe du th\u00e9\u00e2tre Carlo Felice.<br \/>\nCe jardin botanique pr\u00e9sente de nombreuses particularit\u00e9s, telles que la collection de cam\u00e9lias, les gazebos de roses, le jardin Flora&#8230;. et mille autres lieux th\u00e9matiques bas\u00e9s sur le r\u00e9cit th\u00e9\u00e2tral qui s&rsquo;appuie sur la nature.<br \/>\nLe mus\u00e9e arch\u00e9ologique de la Ligurie peut \u00e9galement \u00eatre visit\u00e9 dans le parc.<\/p>\n<p>Jardin botanique Clelia Durazzo Grimaldi (G\u00eanes)<br \/>\nSitu\u00e9 dans le quartier g\u00e9nois de Pegli, pr\u00e8s de la Villa Durazzo Pallavicini, le jardin a \u00e9t\u00e9 cr\u00e9\u00e9 en 1794 par Clelia Durazzo, \u00e9pouse de Giuseppe Grimaldi, grand amateur de botanique et \u00e9rudit qui a donn\u00e9 une forte impulsion \u00e0 l&rsquo;\u00e9tude scientifique des plantes dans ces ann\u00e9es-l\u00e0.<br \/>\nLe Jardin offre des collections de plantes d&rsquo;une valeur inestimable. A l&rsquo;int\u00e9rieur, il y a trois secteurs dans lesquels les plantes sont divis\u00e9es : les plantes succulentes (cactus), les plantes carnivores et les orchid\u00e9es tropicales.<\/p>\n<p>Parc du Palais Princier (G\u00eanes)<br \/>\nLe Palazzo del Principe est une r\u00e9sidence grandiose et riche command\u00e9e par Andrea Doria au XVIe si\u00e8cle. Le jardin monumental qui l&rsquo;entoure peut \u00eatre d\u00e9fini comme l&rsquo;un des plus importants de Ligurie.<br \/>\nR\u00e9cemment, l&rsquo;ensemble du parc a \u00e9t\u00e9 restaur\u00e9, en plus des plantes qui l&#8217;embellissent, il conserve diverses sculptures dont la statue de Neptune de l&rsquo;artiste Taddeo Carlone.<\/p>\n<p>Abbaye de La Cervara de San Girolamo al Monte di Portofino (S.Margherita L.)<br \/>\nLe jardin en question a \u00e9t\u00e9 cr\u00e9\u00e9 comme l&rsquo;hortus de l&rsquo;abbaye b\u00e9n\u00e9dictine de San Girolamo al Monte, une splendide r\u00e9sidence surplombant la mer de Portofino.<br \/>\nIl contient de nombreuses raret\u00e9s botaniques, dont les plus importantes sont un poivrier de plus d&rsquo;un si\u00e8cle et une glycine pourpre vieille de plusieurs si\u00e8cles.<\/p>\n<p>Jardin botanique de Pratorondanino (Campo Ligure)<br \/>\nUn jardin botanique d\u00e9fini comme un \u00ab\u00a0mus\u00e9e du vert\u00a0\u00bb, un parc r\u00e9cemment cr\u00e9\u00e9 qui abrite des types d&rsquo;arbustes provenant de trois habitats diff\u00e9rents de la flore de montagne.<br \/>\nCe jardin botanique abrite de nombreuses plantes extr\u00eamement rares et certaines vari\u00e9t\u00e9s en voie de disparition.<\/p>\n<p>[\/et_pb_text][\/et_pb_column][\/et_pb_row][et_pb_row _builder_version=\u00a0\u00bb3.29.3&Prime; global_colors_info=\u00a0\u00bb{}\u00a0\u00bb][et_pb_column type=\u00a0\u00bb4_4&Prime; _builder_version=\u00a0\u00bb3.29.3&Prime; global_colors_info=\u00a0\u00bb{}\u00a0\u00bb][et_pb_text _builder_version=\u00a0\u00bb3.29.3&Prime; global_colors_info=\u00a0\u00bb{}\u00a0\u00bb]<\/p>\n<h4>Province de La Spezia<\/h4>\n<p>[\/et_pb_text][\/et_pb_column][\/et_pb_row][et_pb_row _builder_version=\u00a0\u00bb3.29.3&Prime; background_color=\u00a0\u00bb#d6d6d6&Prime; custom_padding=\u00a0\u00bb10px|5px|10px|5px|false|false\u00a0\u00bb global_colors_info=\u00a0\u00bb{}\u00a0\u00bb][et_pb_column type=\u00a0\u00bb4_4&Prime; _builder_version=\u00a0\u00bb3.29.3&Prime; global_colors_info=\u00a0\u00bb{}\u00a0\u00bb][et_pb_text _builder_version=\u00a0\u00bb3.29.3&Prime; text_text_color=\u00a0\u00bb#0c71c3&Prime; background_size=\u00a0\u00bbinitial\u00a0\u00bb background_position=\u00a0\u00bbtop_left\u00a0\u00bb background_repeat=\u00a0\u00bbrepeat\u00a0\u00bb global_colors_info=\u00a0\u00bb{}\u00a0\u00bb]<\/p>\n<p>Jardin botanique de Montemarcello (Ameglia)<br \/>\nLe jardin botanique de Montemarcello est situ\u00e9 dans le parc r\u00e9gional de Montemarcello Magra (300 m. au-dessus du niveau de la mer), o\u00f9 l&rsquo;on trouve les environnements typiques de la v\u00e9g\u00e9tation m\u00e9diterran\u00e9enne. Le jardin botanique est actif depuis 1999 et fait partie du syst\u00e8me ligure des centres d&rsquo;\u00e9ducation environnementale.<\/p>\n<p>Villa Marigola (San Terenzo &#8211; Lerici)<br \/>\nLe parc de la Villa Marigola a \u00e9t\u00e9 con\u00e7u et r\u00e9alis\u00e9 \u00e0 partir de 1926. Il suit la structure d&rsquo;un jardin italien typique et contient diff\u00e9rents styles de diff\u00e9rentes \u00e9poques, du XVIIIe si\u00e8cle aux p\u00e9riodes romantique et liberty. L&rsquo;une des principales caract\u00e9ristiques de cet endroit est la merveilleuse vue sur le golfe de Lerici qu&rsquo;il offre. Au fil des si\u00e8cles, la Villa a appartenu et accueilli des personnages illustres, dont le po\u00e8te anglais Shelley.<\/p>\n<p>[\/et_pb_text][\/et_pb_column][\/et_pb_row][et_pb_row column_structure=\u00a0\u00bb1_2,1_2&Prime; _builder_version=\u00a0\u00bb3.29.3&Prime; global_module=\u00a0\u00bb8403&Prime; global_colors_info=\u00a0\u00bb{}\u00a0\u00bb][et_pb_column type=\u00a0\u00bb1_2&Prime; _builder_version=\u00a0\u00bb3.29.3&Prime; global_colors_info=\u00a0\u00bb{}\u00a0\u00bb][et_pb_text _builder_version=\u00a0\u00bb4.11.2&Prime; background_size=\u00a0\u00bbinitial\u00a0\u00bb background_position=\u00a0\u00bbtop_left\u00a0\u00bb background_repeat=\u00a0\u00bbrepeat\u00a0\u00bb global_colors_info=\u00a0\u00bb{}\u00a0\u00bb]<\/p>\n<p>Services \u00e0 la carte :<\/p>\n<ul>\n<li>Transfert retour<\/li>\n<li>Guide touristique autoris\u00e9 disponible pour la journ\u00e9e dans la langue de votre choix<\/li>\n<li>Visite des producteurs indiqu\u00e9s dans le programme<\/li>\n<li>D\u00e9gustations des produits indiqu\u00e9s dans le programme<\/li>\n<li>D\u00e9jeuner dans un restaurant local typique pour d\u00e9guster les sp\u00e9cialit\u00e9s de la cuisine pi\u00e9montaise<\/li>\n<\/ul>\n<p>[\/et_pb_text][\/et_pb_column][et_pb_column type=\u00a0\u00bb1_2&Prime; _builder_version=\u00a0\u00bb3.29.3&Prime; global_colors_info=\u00a0\u00bb{}\u00a0\u00bb][\/et_pb_column][\/et_pb_row][et_pb_row _builder_version=\u00a0\u00bb3.29.3&Prime; global_module=\u00a0\u00bb8401&Prime; global_colors_info=\u00a0\u00bb{}\u00a0\u00bb][et_pb_column type=\u00a0\u00bb4_4&Prime; _builder_version=\u00a0\u00bb3.29.3&Prime; global_colors_info=\u00a0\u00bb{}\u00a0\u00bb][et_pb_button button_url=\u00a0\u00bbhttps:\/\/nyalatravel.com\/fr\/contacts\/\u00a0\u00bb button_text=\u00a0\u00bbDemander un devis sans obligation\u00a0\u00bb button_alignment=\u00a0\u00bbcenter\u00a0\u00bb _builder_version=\u00a0\u00bb3.29.3&Prime; custom_button=\u00a0\u00bbon\u00a0\u00bb button_bg_color=\u00a0\u00bb#353535&Prime; background_layout=\u00a0\u00bbdark\u00a0\u00bb global_colors_info=\u00a0\u00bb{}\u00a0\u00bb][\/et_pb_button][\/et_pb_column][\/et_pb_row][\/et_pb_section]<\/p>\n","protected":false},"excerpt":{"rendered":"<p>Les beaux jardins de la r\u00e9gion de la Ligurie peuvent \u00eatre trouv\u00e9s dans toute la r\u00e9gion, et il existe de nombreux beaux exemples dans les quatre provinces de la Ligurie. Nous serons plus qu&rsquo;heureux de les inclure dans vos itin\u00e9raires pour vous aider \u00e0 planifier votre voyage sur la Riviera italienne.<\/p>\n","protected":false},"author":1,"featured_media":8149,"comment_status":"closed","ping_status":"open","sticky":false,"template":"","format":"standard","meta":{"_acf_changed":false,"_et_pb_use_builder":"on","_et_pb_old_content":"","_et_gb_content_width":"","footnotes":""},"categories":[302],"tags":[479,583,525,534,493,533,481,536,557,537,529,482,595,551,540],"class_list":["post-3595","post","type-post","status-publish","format-standard","has-post-thumbnail","hentry","category-fleurs-jardins","tag-bordighera-fr-2","tag-excursions","tag-genoa-fr","tag-giardini-hanbury","tag-imperia-fr-2","tag-jardins-fr","tag-liguria-fr","tag-pallanca-fr","tag-portofino-fr","tag-riviera-des-fleurs","tag-sanremo-fr","tag-turismo-naturalistico-fr","tag-ventimiglia-fr","tag-villa-nobel-fr-2","tag-villa-ormond-fr-2"],"acf":[],"yoast_head":"<!-- This site is optimized with the Yoast SEO plugin v25.9 - https:\/\/yoast.com\/wordpress\/plugins\/seo\/ -->\n<title>Les jardins botaniques de la Ligurie | TOUR OPERATOR INCOMING LIGURIA COSTA AZZURRA PROVENZA PIEMONTE<\/title>\n<meta name=\"description\" content=\"The botanical gardens of Liguria offer opportunities to tour the natural environments of Liguria.\" \/>\n<meta name=\"robots\" content=\"index, follow, max-snippet:-1, max-image-preview:large, max-video-preview:-1\" \/>\n<link rel=\"canonical\" href=\"https:\/\/nyalatravel.com\/fr\/the-botanical-gardens-in-italian-riviera\/\" \/>\n<meta property=\"og:locale\" content=\"fr_FR\" \/>\n<meta property=\"og:type\" content=\"article\" \/>\n<meta property=\"og:title\" content=\"Les jardins botaniques de la Ligurie | TOUR OPERATOR INCOMING LIGURIA COSTA AZZURRA PROVENZA PIEMONTE\" \/>\n<meta property=\"og:description\" content=\"The botanical gardens of Liguria offer opportunities to tour the natural environments of Liguria.\" \/>\n<meta property=\"og:url\" content=\"https:\/\/nyalatravel.com\/fr\/the-botanical-gardens-in-italian-riviera\/\" \/>\n<meta property=\"og:site_name\" content=\"TOUR OPERATOR INCOMING LIGURIA COSTA AZZURRA PROVENZA PIEMONTE\" \/>\n<meta property=\"article:published_time\" content=\"2012-01-12T10:18:13+00:00\" \/>\n<meta property=\"article:modified_time\" content=\"2024-08-01T08:13:16+00:00\" \/>\n<meta property=\"og:image\" content=\"https:\/\/nyalatravel.com\/wp-content\/uploads\/2011\/11\/palm-trees-705843_1920.jpg\" \/>\n\t<meta property=\"og:image:width\" content=\"1920\" \/>\n\t<meta property=\"og:image:height\" content=\"1274\" \/>\n\t<meta property=\"og:image:type\" content=\"image\/jpeg\" \/>\n<meta name=\"author\" content=\"nyala\" \/>\n<meta name=\"twitter:label1\" content=\"\u00c9crit par\" \/>\n\t<meta name=\"twitter:data1\" content=\"nyala\" \/>\n\t<meta name=\"twitter:label2\" content=\"Dur\u00e9e de lecture estim\u00e9e\" \/>\n\t<meta name=\"twitter:data2\" content=\"11 minutes\" \/>\n<script type=\"application\/ld+json\" class=\"yoast-schema-graph\">{\"@context\":\"https:\/\/schema.org\",\"@graph\":[{\"@type\":\"WebPage\",\"@id\":\"https:\/\/nyalatravel.com\/fr\/the-botanical-gardens-in-italian-riviera\/\",\"url\":\"https:\/\/nyalatravel.com\/fr\/the-botanical-gardens-in-italian-riviera\/\",\"name\":\"Les jardins botaniques de la Ligurie | TOUR OPERATOR INCOMING LIGURIA COSTA AZZURRA PROVENZA PIEMONTE\",\"isPartOf\":{\"@id\":\"https:\/\/nyalatravel.com\/fr\/#website\"},\"primaryImageOfPage\":{\"@id\":\"https:\/\/nyalatravel.com\/fr\/the-botanical-gardens-in-italian-riviera\/#primaryimage\"},\"image\":{\"@id\":\"https:\/\/nyalatravel.com\/fr\/the-botanical-gardens-in-italian-riviera\/#primaryimage\"},\"thumbnailUrl\":\"https:\/\/nyalatravel.com\/wp-content\/uploads\/2011\/11\/palm-trees-705843_1920.jpg\",\"datePublished\":\"2012-01-12T10:18:13+00:00\",\"dateModified\":\"2024-08-01T08:13:16+00:00\",\"author\":{\"@id\":\"https:\/\/nyalatravel.com\/fr\/#\/schema\/person\/1656f6d442b2c1139ca48a1cce656e7c\"},\"description\":\"The botanical gardens of Liguria offer opportunities to tour the natural environments of Liguria.\",\"breadcrumb\":{\"@id\":\"https:\/\/nyalatravel.com\/fr\/the-botanical-gardens-in-italian-riviera\/#breadcrumb\"},\"inLanguage\":\"fr-FR\",\"potentialAction\":[{\"@type\":\"ReadAction\",\"target\":[\"https:\/\/nyalatravel.com\/fr\/the-botanical-gardens-in-italian-riviera\/\"]}]},{\"@type\":\"ImageObject\",\"inLanguage\":\"fr-FR\",\"@id\":\"https:\/\/nyalatravel.com\/fr\/the-botanical-gardens-in-italian-riviera\/#primaryimage\",\"url\":\"https:\/\/nyalatravel.com\/wp-content\/uploads\/2011\/11\/palm-trees-705843_1920.jpg\",\"contentUrl\":\"https:\/\/nyalatravel.com\/wp-content\/uploads\/2011\/11\/palm-trees-705843_1920.jpg\",\"width\":1920,\"height\":1274},{\"@type\":\"BreadcrumbList\",\"@id\":\"https:\/\/nyalatravel.com\/fr\/the-botanical-gardens-in-italian-riviera\/#breadcrumb\",\"itemListElement\":[{\"@type\":\"ListItem\",\"position\":1,\"name\":\"Home\",\"item\":\"https:\/\/nyalatravel.com\/fr\/\"},{\"@type\":\"ListItem\",\"position\":2,\"name\":\"Les jardins botaniques de la Ligurie\"}]},{\"@type\":\"WebSite\",\"@id\":\"https:\/\/nyalatravel.com\/fr\/#website\",\"url\":\"https:\/\/nyalatravel.com\/fr\/\",\"name\":\"TOUR OPERATOR INCOMING LIGURIA COSTA AZZURRA PROVENZA PIEMONTE\",\"description\":\"Nyala Wonder Travel D.M.C. Sanremo\",\"potentialAction\":[{\"@type\":\"SearchAction\",\"target\":{\"@type\":\"EntryPoint\",\"urlTemplate\":\"https:\/\/nyalatravel.com\/fr\/?s={search_term_string}\"},\"query-input\":{\"@type\":\"PropertyValueSpecification\",\"valueRequired\":true,\"valueName\":\"search_term_string\"}}],\"inLanguage\":\"fr-FR\"},{\"@type\":\"Person\",\"@id\":\"https:\/\/nyalatravel.com\/fr\/#\/schema\/person\/1656f6d442b2c1139ca48a1cce656e7c\",\"name\":\"nyala\",\"image\":{\"@type\":\"ImageObject\",\"inLanguage\":\"fr-FR\",\"@id\":\"https:\/\/nyalatravel.com\/fr\/#\/schema\/person\/image\/\",\"url\":\"https:\/\/secure.gravatar.com\/avatar\/f7a5868e5bab01769ba9e8d575a8e64c7b2565c93e480cff0ab08e82e18f9ab1?s=96&d=mm&r=g\",\"contentUrl\":\"https:\/\/secure.gravatar.com\/avatar\/f7a5868e5bab01769ba9e8d575a8e64c7b2565c93e480cff0ab08e82e18f9ab1?s=96&d=mm&r=g\",\"caption\":\"nyala\"}}]}<\/script>\n<!-- \/ Yoast SEO plugin. -->","yoast_head_json":{"title":"Les jardins botaniques de la Ligurie | TOUR OPERATOR INCOMING LIGURIA COSTA AZZURRA PROVENZA PIEMONTE","description":"The botanical gardens of Liguria offer opportunities to tour the natural environments of Liguria.","robots":{"index":"index","follow":"follow","max-snippet":"max-snippet:-1","max-image-preview":"max-image-preview:large","max-video-preview":"max-video-preview:-1"},"canonical":"https:\/\/nyalatravel.com\/fr\/the-botanical-gardens-in-italian-riviera\/","og_locale":"fr_FR","og_type":"article","og_title":"Les jardins botaniques de la Ligurie | TOUR OPERATOR INCOMING LIGURIA COSTA AZZURRA PROVENZA PIEMONTE","og_description":"The botanical gardens of Liguria offer opportunities to tour the natural environments of Liguria.","og_url":"https:\/\/nyalatravel.com\/fr\/the-botanical-gardens-in-italian-riviera\/","og_site_name":"TOUR OPERATOR INCOMING LIGURIA COSTA AZZURRA PROVENZA PIEMONTE","article_published_time":"2012-01-12T10:18:13+00:00","article_modified_time":"2024-08-01T08:13:16+00:00","og_image":[{"width":1920,"height":1274,"url":"https:\/\/nyalatravel.com\/wp-content\/uploads\/2011\/11\/palm-trees-705843_1920.jpg","type":"image\/jpeg"}],"author":"nyala","twitter_misc":{"\u00c9crit par":"nyala","Dur\u00e9e de lecture estim\u00e9e":"11 minutes"},"schema":{"@context":"https:\/\/schema.org","@graph":[{"@type":"WebPage","@id":"https:\/\/nyalatravel.com\/fr\/the-botanical-gardens-in-italian-riviera\/","url":"https:\/\/nyalatravel.com\/fr\/the-botanical-gardens-in-italian-riviera\/","name":"Les jardins botaniques de la Ligurie | TOUR OPERATOR INCOMING LIGURIA COSTA AZZURRA PROVENZA PIEMONTE","isPartOf":{"@id":"https:\/\/nyalatravel.com\/fr\/#website"},"primaryImageOfPage":{"@id":"https:\/\/nyalatravel.com\/fr\/the-botanical-gardens-in-italian-riviera\/#primaryimage"},"image":{"@id":"https:\/\/nyalatravel.com\/fr\/the-botanical-gardens-in-italian-riviera\/#primaryimage"},"thumbnailUrl":"https:\/\/nyalatravel.com\/wp-content\/uploads\/2011\/11\/palm-trees-705843_1920.jpg","datePublished":"2012-01-12T10:18:13+00:00","dateModified":"2024-08-01T08:13:16+00:00","author":{"@id":"https:\/\/nyalatravel.com\/fr\/#\/schema\/person\/1656f6d442b2c1139ca48a1cce656e7c"},"description":"The botanical gardens of Liguria offer opportunities to tour the natural environments of Liguria.","breadcrumb":{"@id":"https:\/\/nyalatravel.com\/fr\/the-botanical-gardens-in-italian-riviera\/#breadcrumb"},"inLanguage":"fr-FR","potentialAction":[{"@type":"ReadAction","target":["https:\/\/nyalatravel.com\/fr\/the-botanical-gardens-in-italian-riviera\/"]}]},{"@type":"ImageObject","inLanguage":"fr-FR","@id":"https:\/\/nyalatravel.com\/fr\/the-botanical-gardens-in-italian-riviera\/#primaryimage","url":"https:\/\/nyalatravel.com\/wp-content\/uploads\/2011\/11\/palm-trees-705843_1920.jpg","contentUrl":"https:\/\/nyalatravel.com\/wp-content\/uploads\/2011\/11\/palm-trees-705843_1920.jpg","width":1920,"height":1274},{"@type":"BreadcrumbList","@id":"https:\/\/nyalatravel.com\/fr\/the-botanical-gardens-in-italian-riviera\/#breadcrumb","itemListElement":[{"@type":"ListItem","position":1,"name":"Home","item":"https:\/\/nyalatravel.com\/fr\/"},{"@type":"ListItem","position":2,"name":"Les jardins botaniques de la Ligurie"}]},{"@type":"WebSite","@id":"https:\/\/nyalatravel.com\/fr\/#website","url":"https:\/\/nyalatravel.com\/fr\/","name":"TOUR OPERATOR INCOMING LIGURIA COSTA AZZURRA PROVENZA PIEMONTE","description":"Nyala Wonder Travel D.M.C. Sanremo","potentialAction":[{"@type":"SearchAction","target":{"@type":"EntryPoint","urlTemplate":"https:\/\/nyalatravel.com\/fr\/?s={search_term_string}"},"query-input":{"@type":"PropertyValueSpecification","valueRequired":true,"valueName":"search_term_string"}}],"inLanguage":"fr-FR"},{"@type":"Person","@id":"https:\/\/nyalatravel.com\/fr\/#\/schema\/person\/1656f6d442b2c1139ca48a1cce656e7c","name":"nyala","image":{"@type":"ImageObject","inLanguage":"fr-FR","@id":"https:\/\/nyalatravel.com\/fr\/#\/schema\/person\/image\/","url":"https:\/\/secure.gravatar.com\/avatar\/f7a5868e5bab01769ba9e8d575a8e64c7b2565c93e480cff0ab08e82e18f9ab1?s=96&d=mm&r=g","contentUrl":"https:\/\/secure.gravatar.com\/avatar\/f7a5868e5bab01769ba9e8d575a8e64c7b2565c93e480cff0ab08e82e18f9ab1?s=96&d=mm&r=g","caption":"nyala"}}]}},"_links":{"self":[{"href":"https:\/\/nyalatravel.com\/fr\/wp-json\/wp\/v2\/posts\/3595","targetHints":{"allow":["GET"]}}],"collection":[{"href":"https:\/\/nyalatravel.com\/fr\/wp-json\/wp\/v2\/posts"}],"about":[{"href":"https:\/\/nyalatravel.com\/fr\/wp-json\/wp\/v2\/types\/post"}],"author":[{"embeddable":true,"href":"https:\/\/nyalatravel.com\/fr\/wp-json\/wp\/v2\/users\/1"}],"replies":[{"embeddable":true,"href":"https:\/\/nyalatravel.com\/fr\/wp-json\/wp\/v2\/comments?post=3595"}],"version-history":[{"count":15,"href":"https:\/\/nyalatravel.com\/fr\/wp-json\/wp\/v2\/posts\/3595\/revisions"}],"predecessor-version":[{"id":13709,"href":"https:\/\/nyalatravel.com\/fr\/wp-json\/wp\/v2\/posts\/3595\/revisions\/13709"}],"wp:featuredmedia":[{"embeddable":true,"href":"https:\/\/nyalatravel.com\/fr\/wp-json\/wp\/v2\/media\/8149"}],"wp:attachment":[{"href":"https:\/\/nyalatravel.com\/fr\/wp-json\/wp\/v2\/media?parent=3595"}],"wp:term":[{"taxonomy":"category","embeddable":true,"href":"https:\/\/nyalatravel.com\/fr\/wp-json\/wp\/v2\/categories?post=3595"},{"taxonomy":"post_tag","embeddable":true,"href":"https:\/\/nyalatravel.com\/fr\/wp-json\/wp\/v2\/tags?post=3595"}],"curies":[{"name":"wp","href":"https:\/\/api.w.org\/{rel}","templated":true}]}}