{"id":1528,"date":"2011-12-03T11:34:12","date_gmt":"2011-12-03T11:34:12","guid":{"rendered":"http:\/\/www.nyalatravel.com\/wordpress\/?p=1528"},"modified":"2024-08-01T07:50:04","modified_gmt":"2024-08-01T07:50:04","slug":"les-jardins-de-la-cote-dazur","status":"publish","type":"post","link":"https:\/\/nyalatravel.com\/fr\/les-jardins-de-la-cote-dazur\/","title":{"rendered":"Les jardins de la Cote d&rsquo;Azur"},"content":{"rendered":"<p>[et_pb_section fb_built=\u00a0\u00bb1&Prime; _builder_version=\u00a0\u00bb3.22&Prime; global_colors_info=\u00a0\u00bb{}\u00a0\u00bb][et_pb_row _builder_version=\u00a0\u00bb3.25&Prime; background_size=\u00a0\u00bbinitial\u00a0\u00bb background_position=\u00a0\u00bbtop_left\u00a0\u00bb background_repeat=\u00a0\u00bbrepeat\u00a0\u00bb global_colors_info=\u00a0\u00bb{}\u00a0\u00bb][et_pb_column type=\u00a0\u00bb4_4&Prime; _builder_version=\u00a0\u00bb3.25&Prime; custom_padding=\u00a0\u00bb|||\u00a0\u00bb global_colors_info=\u00a0\u00bb{}\u00a0\u00bb custom_padding__hover=\u00a0\u00bb|||\u00a0\u00bb][et_pb_text _builder_version=\u00a0\u00bb4.11.2&Prime; background_size=\u00a0\u00bbinitial\u00a0\u00bb background_position=\u00a0\u00bbtop_left\u00a0\u00bb background_repeat=\u00a0\u00bbrepeat\u00a0\u00bb hover_enabled=\u00a0\u00bb0&Prime; global_colors_info=\u00a0\u00bb{}\u00a0\u00bb sticky_enabled=\u00a0\u00bb0&Prime;]<\/p>\n<h4>Une journ\u00e9e \u00e0 la d\u00e9couverte des tr\u00e9sors naturels de la C\u00f4te d&rsquo;Azur cosmopolite, en visitant les c\u00e9l\u00e8bres jardins botaniques de la C\u00f4te d&rsquo;Azur.<\/h4>\n<p>[\/et_pb_text][\/et_pb_column][\/et_pb_row][et_pb_row column_structure=\u00a0\u00bb1_3,1_3,1_3&Prime; _builder_version=\u00a0\u00bb3.29.3&Prime; width=\u00a0\u00bb63.3%\u00a0\u00bb custom_margin=\u00a0\u00bb-1px|auto||auto||\u00a0\u00bb global_colors_info=\u00a0\u00bb{}\u00a0\u00bb][et_pb_column type=\u00a0\u00bb1_3&Prime; _builder_version=\u00a0\u00bb3.29.3&Prime; global_colors_info=\u00a0\u00bb{}\u00a0\u00bb][et_pb_blurb title=\u00a0\u00bbMentone Cap Martin Monaco\u00a0\u00bb use_icon=\u00a0\u00bbon\u00a0\u00bb font_icon=\u00a0\u00bb%%122%%\u00a0\u00bb icon_placement=\u00a0\u00bbleft\u00a0\u00bb _builder_version=\u00a0\u00bb3.29.3&Prime; global_colors_info=\u00a0\u00bb{}\u00a0\u00bb][\/et_pb_blurb][\/et_pb_column][et_pb_column type=\u00a0\u00bb1_3&Prime; _builder_version=\u00a0\u00bb3.29.3&Prime; global_colors_info=\u00a0\u00bb{}\u00a0\u00bb][et_pb_blurb title=\u00a0\u00bbCosta Azzurra\u00a0\u00bb use_icon=\u00a0\u00bbon\u00a0\u00bb font_icon=\u00a0\u00bb%%122%%\u00a0\u00bb icon_placement=\u00a0\u00bbleft\u00a0\u00bb _builder_version=\u00a0\u00bb3.29.3&Prime; global_colors_info=\u00a0\u00bb{}\u00a0\u00bb][\/et_pb_blurb][\/et_pb_column][et_pb_column type=\u00a0\u00bb1_3&Prime; _builder_version=\u00a0\u00bb3.29.3&Prime; global_colors_info=\u00a0\u00bb{}\u00a0\u00bb][et_pb_blurb title=\u00a0\u00bbFrancia Monaco\u00a0\u00bb use_icon=\u00a0\u00bbon\u00a0\u00bb font_icon=\u00a0\u00bb%%122%%\u00a0\u00bb icon_placement=\u00a0\u00bbleft\u00a0\u00bb _builder_version=\u00a0\u00bb3.29.3&Prime; global_colors_info=\u00a0\u00bb{}\u00a0\u00bb][\/et_pb_blurb][\/et_pb_column][\/et_pb_row][et_pb_row column_structure=\u00a0\u00bb1_2,1_2&Prime; _builder_version=\u00a0\u00bb3.29.3&Prime; background_color=\u00a0\u00bb#d6d6d6&Prime; custom_padding=\u00a0\u00bb10px|5px|10px|5px|false|false\u00a0\u00bb global_colors_info=\u00a0\u00bb{}\u00a0\u00bb][et_pb_column type=\u00a0\u00bb1_2&Prime; _builder_version=\u00a0\u00bb3.29.3&Prime; global_colors_info=\u00a0\u00bb{}\u00a0\u00bb][et_pb_text _builder_version=\u00a0\u00bb3.29.3&Prime; text_text_color=\u00a0\u00bb#0c71c3&Prime; background_size=\u00a0\u00bbinitial\u00a0\u00bb background_position=\u00a0\u00bbtop_left\u00a0\u00bb background_repeat=\u00a0\u00bbrepeat\u00a0\u00bb hover_enabled=\u00a0\u00bb0&Prime; global_colors_info=\u00a0\u00bb{}\u00a0\u00bb sticky_enabled=\u00a0\u00bb0&Prime;]<\/p>\n<p>Le matin, transfert \u00e0 Menton et visite du jardin du Val Rahmeh : cr\u00e9\u00e9 en 1905 par Lord Radcliffe, il sert aujourd&rsquo;hui d&rsquo;observatoire m\u00e9diterran\u00e9en au Mus\u00e9um national d&rsquo;histoire naturelle et abrite une collection exceptionnelle de plantes exotiques.<\/p>\n<p>Vous pouvez ensuite continuer \u00e0 partir du Cap Martin en vous promenant sur l&rsquo;un des tron\u00e7ons les plus \u00e9vocateurs et pr\u00e9serv\u00e9s de la C\u00f4te d&rsquo;Azur, le long d&rsquo;un sentier qui longe la c\u00f4te jusqu&rsquo;\u00e0 la Principaut\u00e9 de Monaco.<\/p>\n<p>[\/et_pb_text][\/et_pb_column][et_pb_column type=\u00a0\u00bb1_2&Prime; _builder_version=\u00a0\u00bb3.29.3&Prime; global_colors_info=\u00a0\u00bb{}\u00a0\u00bb][et_pb_text _builder_version=\u00a0\u00bb3.29.3&Prime; text_text_color=\u00a0\u00bb#0c71c3&Prime; background_size=\u00a0\u00bbinitial\u00a0\u00bb background_position=\u00a0\u00bbtop_left\u00a0\u00bb background_repeat=\u00a0\u00bbrepeat\u00a0\u00bb global_colors_info=\u00a0\u00bb{}\u00a0\u00bb]<\/p>\n<p>L&rsquo;apr\u00e8s-midi, visite du Jardin Exotique de Monte-Carlo : magnifiquement am\u00e9nag\u00e9 le long d&rsquo;un cadre rocheux surplombant la mer et offrant un panorama passionnant. Des milliers de cactus et autres plantes succulentes prosp\u00e8rent dans ce climat exceptionnel, qui leur permet d&rsquo;atteindre des tailles gigantesques, comparables \u00e0 celles de leurs pays d&rsquo;origine.<\/p>\n<p>[\/et_pb_text][\/et_pb_column][\/et_pb_row][et_pb_row column_structure=\u00a0\u00bb1_2,1_2&Prime; _builder_version=\u00a0\u00bb3.29.3&Prime; global_colors_info=\u00a0\u00bb{}\u00a0\u00bb][et_pb_column type=\u00a0\u00bb1_2&Prime; _builder_version=\u00a0\u00bb3.29.3&Prime; global_colors_info=\u00a0\u00bb{}\u00a0\u00bb][et_pb_text _builder_version=\u00a0\u00bb4.11.2&Prime; background_size=\u00a0\u00bbinitial\u00a0\u00bb background_position=\u00a0\u00bbtop_left\u00a0\u00bb background_repeat=\u00a0\u00bbrepeat\u00a0\u00bb hover_enabled=\u00a0\u00bb0&Prime; global_colors_info=\u00a0\u00bb{}\u00a0\u00bb sticky_enabled=\u00a0\u00bb0&Prime;]<\/p>\n<p>Services \u00e0 la carte :<\/p>\n<ul>\n<li>Transfert retour<\/li>\n<li>Guide touristique autoris\u00e9 disponible pour la journ\u00e9e dans la langue de votre choix<\/li>\n<li>Visite des producteurs indiqu\u00e9s dans le programme<\/li>\n<li>D\u00e9gustation des produits indiqu\u00e9s dans le programme<\/li>\n<li>D\u00e9jeuner dans un restaurant local typique pour savourer les sp\u00e9cialit\u00e9s de la cuisine pi\u00e9montaise<\/li>\n<\/ul>\n<p>[\/et_pb_text][\/et_pb_column][et_pb_column type=\u00a0\u00bb1_2&Prime; _builder_version=\u00a0\u00bb3.29.3&Prime; global_colors_info=\u00a0\u00bb{}\u00a0\u00bb][\/et_pb_column][\/et_pb_row][et_pb_row _builder_version=\u00a0\u00bb3.29.3&Prime; global_module=\u00a0\u00bb8401&Prime; global_colors_info=\u00a0\u00bb{}\u00a0\u00bb][et_pb_column type=\u00a0\u00bb4_4&Prime; _builder_version=\u00a0\u00bb3.29.3&Prime; global_colors_info=\u00a0\u00bb{}\u00a0\u00bb][et_pb_button button_url=\u00a0\u00bbhttps:\/\/nyalatravel.com\/fr\/contacts\/\u00a0\u00bb button_text=\u00a0\u00bbDemander un devis sans obligation\u00a0\u00bb button_alignment=\u00a0\u00bbcenter\u00a0\u00bb _builder_version=\u00a0\u00bb3.29.3&Prime; custom_button=\u00a0\u00bbon\u00a0\u00bb button_bg_color=\u00a0\u00bb#353535&Prime; background_layout=\u00a0\u00bbdark\u00a0\u00bb global_colors_info=\u00a0\u00bb{}\u00a0\u00bb][\/et_pb_button][\/et_pb_column][\/et_pb_row][\/et_pb_section]<\/p>\n","protected":false},"excerpt":{"rendered":"<p>Une journ\u00e9e \u00e0 la d\u00e9couverte des tr\u00e9sors naturels de la tr\u00e8s cosmopolite riviera fran\u00e7aise.<\/p>\n","protected":false},"author":1,"featured_media":8145,"comment_status":"closed","ping_status":"open","sticky":false,"template":"","format":"standard","meta":{"_acf_changed":false,"_et_pb_use_builder":"on","_et_pb_old_content":"","_et_gb_content_width":"","footnotes":""},"categories":[302],"tags":[524,583,535,527,537],"class_list":["post-1528","post","type-post","status-publish","format-standard","has-post-thumbnail","hentry","category-fleurs-jardins","tag-cote-bleue","tag-excursions","tag-menton-fr","tag-monaco-montecarlo","tag-riviera-des-fleurs"],"acf":[],"yoast_head":"<!-- This site is optimized with the Yoast SEO plugin v25.9 - https:\/\/yoast.com\/wordpress\/plugins\/seo\/ -->\n<title>Les jardins de la Cote d&#039;Azur | TOUR OPERATOR INCOMING LIGURIA COSTA AZZURRA PROVENZA PIEMONTE<\/title>\n<meta name=\"description\" content=\"Decouvrez les beautes de Ligurie, Langhe, Cote d&#039;Azur avec nos programmes de tour operateur incoming.\" \/>\n<meta name=\"robots\" content=\"index, follow, max-snippet:-1, max-image-preview:large, max-video-preview:-1\" \/>\n<link rel=\"canonical\" href=\"https:\/\/nyalatravel.com\/fr\/les-jardins-de-la-cote-dazur\/\" \/>\n<meta property=\"og:locale\" content=\"fr_FR\" \/>\n<meta property=\"og:type\" content=\"article\" \/>\n<meta property=\"og:title\" content=\"Les jardins de la Cote d&#039;Azur | TOUR OPERATOR INCOMING LIGURIA COSTA AZZURRA PROVENZA PIEMONTE\" \/>\n<meta property=\"og:description\" content=\"Decouvrez les beautes de Ligurie, Langhe, Cote d&#039;Azur avec nos programmes de tour operateur incoming.\" \/>\n<meta property=\"og:url\" content=\"https:\/\/nyalatravel.com\/fr\/les-jardins-de-la-cote-dazur\/\" \/>\n<meta property=\"og:site_name\" content=\"TOUR OPERATOR INCOMING LIGURIA COSTA AZZURRA PROVENZA PIEMONTE\" \/>\n<meta property=\"article:published_time\" content=\"2011-12-03T11:34:12+00:00\" \/>\n<meta property=\"article:modified_time\" content=\"2024-08-01T07:50:04+00:00\" \/>\n<meta property=\"og:image\" content=\"https:\/\/nyalatravel.com\/wp-content\/uploads\/2011\/11\/montecarlo-640881_1920.jpg\" \/>\n\t<meta property=\"og:image:width\" content=\"1920\" \/>\n\t<meta property=\"og:image:height\" content=\"1275\" \/>\n\t<meta property=\"og:image:type\" content=\"image\/jpeg\" \/>\n<meta name=\"author\" content=\"nyala\" \/>\n<meta name=\"twitter:label1\" content=\"\u00c9crit par\" \/>\n\t<meta name=\"twitter:data1\" content=\"nyala\" \/>\n\t<meta name=\"twitter:label2\" content=\"Dur\u00e9e de lecture estim\u00e9e\" \/>\n\t<meta name=\"twitter:data2\" content=\"3 minutes\" \/>\n<script type=\"application\/ld+json\" class=\"yoast-schema-graph\">{\"@context\":\"https:\/\/schema.org\",\"@graph\":[{\"@type\":\"WebPage\",\"@id\":\"https:\/\/nyalatravel.com\/fr\/les-jardins-de-la-cote-dazur\/\",\"url\":\"https:\/\/nyalatravel.com\/fr\/les-jardins-de-la-cote-dazur\/\",\"name\":\"Les jardins de la Cote d'Azur | TOUR OPERATOR INCOMING LIGURIA COSTA AZZURRA PROVENZA PIEMONTE\",\"isPartOf\":{\"@id\":\"https:\/\/nyalatravel.com\/fr\/#website\"},\"primaryImageOfPage\":{\"@id\":\"https:\/\/nyalatravel.com\/fr\/les-jardins-de-la-cote-dazur\/#primaryimage\"},\"image\":{\"@id\":\"https:\/\/nyalatravel.com\/fr\/les-jardins-de-la-cote-dazur\/#primaryimage\"},\"thumbnailUrl\":\"https:\/\/nyalatravel.com\/wp-content\/uploads\/2011\/11\/montecarlo-640881_1920.jpg\",\"datePublished\":\"2011-12-03T11:34:12+00:00\",\"dateModified\":\"2024-08-01T07:50:04+00:00\",\"author\":{\"@id\":\"https:\/\/nyalatravel.com\/fr\/#\/schema\/person\/1656f6d442b2c1139ca48a1cce656e7c\"},\"description\":\"Decouvrez les beautes de Ligurie, Langhe, Cote d'Azur avec nos programmes de tour operateur incoming.\",\"breadcrumb\":{\"@id\":\"https:\/\/nyalatravel.com\/fr\/les-jardins-de-la-cote-dazur\/#breadcrumb\"},\"inLanguage\":\"fr-FR\",\"potentialAction\":[{\"@type\":\"ReadAction\",\"target\":[\"https:\/\/nyalatravel.com\/fr\/les-jardins-de-la-cote-dazur\/\"]}]},{\"@type\":\"ImageObject\",\"inLanguage\":\"fr-FR\",\"@id\":\"https:\/\/nyalatravel.com\/fr\/les-jardins-de-la-cote-dazur\/#primaryimage\",\"url\":\"https:\/\/nyalatravel.com\/wp-content\/uploads\/2011\/11\/montecarlo-640881_1920.jpg\",\"contentUrl\":\"https:\/\/nyalatravel.com\/wp-content\/uploads\/2011\/11\/montecarlo-640881_1920.jpg\",\"width\":1920,\"height\":1275},{\"@type\":\"BreadcrumbList\",\"@id\":\"https:\/\/nyalatravel.com\/fr\/les-jardins-de-la-cote-dazur\/#breadcrumb\",\"itemListElement\":[{\"@type\":\"ListItem\",\"position\":1,\"name\":\"Home\",\"item\":\"https:\/\/nyalatravel.com\/fr\/\"},{\"@type\":\"ListItem\",\"position\":2,\"name\":\"Les jardins de la Cote d&#8217;Azur\"}]},{\"@type\":\"WebSite\",\"@id\":\"https:\/\/nyalatravel.com\/fr\/#website\",\"url\":\"https:\/\/nyalatravel.com\/fr\/\",\"name\":\"TOUR OPERATOR INCOMING LIGURIA COSTA AZZURRA PROVENZA PIEMONTE\",\"description\":\"Nyala Wonder Travel D.M.C. Sanremo\",\"potentialAction\":[{\"@type\":\"SearchAction\",\"target\":{\"@type\":\"EntryPoint\",\"urlTemplate\":\"https:\/\/nyalatravel.com\/fr\/?s={search_term_string}\"},\"query-input\":{\"@type\":\"PropertyValueSpecification\",\"valueRequired\":true,\"valueName\":\"search_term_string\"}}],\"inLanguage\":\"fr-FR\"},{\"@type\":\"Person\",\"@id\":\"https:\/\/nyalatravel.com\/fr\/#\/schema\/person\/1656f6d442b2c1139ca48a1cce656e7c\",\"name\":\"nyala\",\"image\":{\"@type\":\"ImageObject\",\"inLanguage\":\"fr-FR\",\"@id\":\"https:\/\/nyalatravel.com\/fr\/#\/schema\/person\/image\/\",\"url\":\"https:\/\/secure.gravatar.com\/avatar\/f7a5868e5bab01769ba9e8d575a8e64c7b2565c93e480cff0ab08e82e18f9ab1?s=96&d=mm&r=g\",\"contentUrl\":\"https:\/\/secure.gravatar.com\/avatar\/f7a5868e5bab01769ba9e8d575a8e64c7b2565c93e480cff0ab08e82e18f9ab1?s=96&d=mm&r=g\",\"caption\":\"nyala\"}}]}<\/script>\n<!-- \/ Yoast SEO plugin. -->","yoast_head_json":{"title":"Les jardins de la Cote d'Azur | TOUR OPERATOR INCOMING LIGURIA COSTA AZZURRA PROVENZA PIEMONTE","description":"Decouvrez les beautes de Ligurie, Langhe, Cote d'Azur avec nos programmes de tour operateur incoming.","robots":{"index":"index","follow":"follow","max-snippet":"max-snippet:-1","max-image-preview":"max-image-preview:large","max-video-preview":"max-video-preview:-1"},"canonical":"https:\/\/nyalatravel.com\/fr\/les-jardins-de-la-cote-dazur\/","og_locale":"fr_FR","og_type":"article","og_title":"Les jardins de la Cote d'Azur | TOUR OPERATOR INCOMING LIGURIA COSTA AZZURRA PROVENZA PIEMONTE","og_description":"Decouvrez les beautes de Ligurie, Langhe, Cote d'Azur avec nos programmes de tour operateur incoming.","og_url":"https:\/\/nyalatravel.com\/fr\/les-jardins-de-la-cote-dazur\/","og_site_name":"TOUR OPERATOR INCOMING LIGURIA COSTA AZZURRA PROVENZA PIEMONTE","article_published_time":"2011-12-03T11:34:12+00:00","article_modified_time":"2024-08-01T07:50:04+00:00","og_image":[{"width":1920,"height":1275,"url":"https:\/\/nyalatravel.com\/wp-content\/uploads\/2011\/11\/montecarlo-640881_1920.jpg","type":"image\/jpeg"}],"author":"nyala","twitter_misc":{"\u00c9crit par":"nyala","Dur\u00e9e de lecture estim\u00e9e":"3 minutes"},"schema":{"@context":"https:\/\/schema.org","@graph":[{"@type":"WebPage","@id":"https:\/\/nyalatravel.com\/fr\/les-jardins-de-la-cote-dazur\/","url":"https:\/\/nyalatravel.com\/fr\/les-jardins-de-la-cote-dazur\/","name":"Les jardins de la Cote d'Azur | TOUR OPERATOR INCOMING LIGURIA COSTA AZZURRA PROVENZA PIEMONTE","isPartOf":{"@id":"https:\/\/nyalatravel.com\/fr\/#website"},"primaryImageOfPage":{"@id":"https:\/\/nyalatravel.com\/fr\/les-jardins-de-la-cote-dazur\/#primaryimage"},"image":{"@id":"https:\/\/nyalatravel.com\/fr\/les-jardins-de-la-cote-dazur\/#primaryimage"},"thumbnailUrl":"https:\/\/nyalatravel.com\/wp-content\/uploads\/2011\/11\/montecarlo-640881_1920.jpg","datePublished":"2011-12-03T11:34:12+00:00","dateModified":"2024-08-01T07:50:04+00:00","author":{"@id":"https:\/\/nyalatravel.com\/fr\/#\/schema\/person\/1656f6d442b2c1139ca48a1cce656e7c"},"description":"Decouvrez les beautes de Ligurie, Langhe, Cote d'Azur avec nos programmes de tour operateur incoming.","breadcrumb":{"@id":"https:\/\/nyalatravel.com\/fr\/les-jardins-de-la-cote-dazur\/#breadcrumb"},"inLanguage":"fr-FR","potentialAction":[{"@type":"ReadAction","target":["https:\/\/nyalatravel.com\/fr\/les-jardins-de-la-cote-dazur\/"]}]},{"@type":"ImageObject","inLanguage":"fr-FR","@id":"https:\/\/nyalatravel.com\/fr\/les-jardins-de-la-cote-dazur\/#primaryimage","url":"https:\/\/nyalatravel.com\/wp-content\/uploads\/2011\/11\/montecarlo-640881_1920.jpg","contentUrl":"https:\/\/nyalatravel.com\/wp-content\/uploads\/2011\/11\/montecarlo-640881_1920.jpg","width":1920,"height":1275},{"@type":"BreadcrumbList","@id":"https:\/\/nyalatravel.com\/fr\/les-jardins-de-la-cote-dazur\/#breadcrumb","itemListElement":[{"@type":"ListItem","position":1,"name":"Home","item":"https:\/\/nyalatravel.com\/fr\/"},{"@type":"ListItem","position":2,"name":"Les jardins de la Cote d&#8217;Azur"}]},{"@type":"WebSite","@id":"https:\/\/nyalatravel.com\/fr\/#website","url":"https:\/\/nyalatravel.com\/fr\/","name":"TOUR OPERATOR INCOMING LIGURIA COSTA AZZURRA PROVENZA PIEMONTE","description":"Nyala Wonder Travel D.M.C. Sanremo","potentialAction":[{"@type":"SearchAction","target":{"@type":"EntryPoint","urlTemplate":"https:\/\/nyalatravel.com\/fr\/?s={search_term_string}"},"query-input":{"@type":"PropertyValueSpecification","valueRequired":true,"valueName":"search_term_string"}}],"inLanguage":"fr-FR"},{"@type":"Person","@id":"https:\/\/nyalatravel.com\/fr\/#\/schema\/person\/1656f6d442b2c1139ca48a1cce656e7c","name":"nyala","image":{"@type":"ImageObject","inLanguage":"fr-FR","@id":"https:\/\/nyalatravel.com\/fr\/#\/schema\/person\/image\/","url":"https:\/\/secure.gravatar.com\/avatar\/f7a5868e5bab01769ba9e8d575a8e64c7b2565c93e480cff0ab08e82e18f9ab1?s=96&d=mm&r=g","contentUrl":"https:\/\/secure.gravatar.com\/avatar\/f7a5868e5bab01769ba9e8d575a8e64c7b2565c93e480cff0ab08e82e18f9ab1?s=96&d=mm&r=g","caption":"nyala"}}]}},"_links":{"self":[{"href":"https:\/\/nyalatravel.com\/fr\/wp-json\/wp\/v2\/posts\/1528","targetHints":{"allow":["GET"]}}],"collection":[{"href":"https:\/\/nyalatravel.com\/fr\/wp-json\/wp\/v2\/posts"}],"about":[{"href":"https:\/\/nyalatravel.com\/fr\/wp-json\/wp\/v2\/types\/post"}],"author":[{"embeddable":true,"href":"https:\/\/nyalatravel.com\/fr\/wp-json\/wp\/v2\/users\/1"}],"replies":[{"embeddable":true,"href":"https:\/\/nyalatravel.com\/fr\/wp-json\/wp\/v2\/comments?post=1528"}],"version-history":[{"count":13,"href":"https:\/\/nyalatravel.com\/fr\/wp-json\/wp\/v2\/posts\/1528\/revisions"}],"predecessor-version":[{"id":13696,"href":"https:\/\/nyalatravel.com\/fr\/wp-json\/wp\/v2\/posts\/1528\/revisions\/13696"}],"wp:featuredmedia":[{"embeddable":true,"href":"https:\/\/nyalatravel.com\/fr\/wp-json\/wp\/v2\/media\/8145"}],"wp:attachment":[{"href":"https:\/\/nyalatravel.com\/fr\/wp-json\/wp\/v2\/media?parent=1528"}],"wp:term":[{"taxonomy":"category","embeddable":true,"href":"https:\/\/nyalatravel.com\/fr\/wp-json\/wp\/v2\/categories?post=1528"},{"taxonomy":"post_tag","embeddable":true,"href":"https:\/\/nyalatravel.com\/fr\/wp-json\/wp\/v2\/tags?post=1528"}],"curies":[{"name":"wp","href":"https:\/\/api.w.org\/{rel}","templated":true}]}}