{"id":13393,"date":"2024-07-29T10:31:53","date_gmt":"2024-07-29T10:31:53","guid":{"rendered":"https:\/\/nyalatravel.com\/week-end-de-tradition-la-foire-de-la-chandeleur\/"},"modified":"2024-08-01T09:13:38","modified_gmt":"2024-08-01T09:13:38","slug":"week-end-de-tradition-la-foire-de-la-chandeleur","status":"publish","type":"post","link":"https:\/\/nyalatravel.com\/fr\/week-end-de-tradition-la-foire-de-la-chandeleur\/","title":{"rendered":"Week-end de Tradition: La Foire de la Chandeleur"},"content":{"rendered":"<p>[et_pb_section fb_built=\u00a0\u00bb1&Prime; _builder_version=\u00a0\u00bb4.16&Prime; global_colors_info=\u00a0\u00bb{}\u00a0\u00bb][et_pb_row _builder_version=\u00a0\u00bb4.16&Prime; background_size=\u00a0\u00bbinitial\u00a0\u00bb background_position=\u00a0\u00bbtop_left\u00a0\u00bb background_repeat=\u00a0\u00bbrepeat\u00a0\u00bb global_colors_info=\u00a0\u00bb{}\u00a0\u00bb][et_pb_column type=\u00a0\u00bb4_4&Prime; _builder_version=\u00a0\u00bb4.16&Prime; custom_padding=\u00a0\u00bb|||\u00a0\u00bb global_colors_info=\u00a0\u00bb{}\u00a0\u00bb custom_padding__hover=\u00a0\u00bb|||\u00a0\u00bb][et_pb_text _builder_version=\u00a0\u00bb4.16&Prime; background_size=\u00a0\u00bbinitial\u00a0\u00bb background_position=\u00a0\u00bbtop_left\u00a0\u00bb background_repeat=\u00a0\u00bbrepeat\u00a0\u00bb global_colors_info=\u00a0\u00bb{}\u00a0\u00bb]<\/p>\n<h3>Nous sommes heureux de vous inviter \u00e0 la c\u00e9l\u00e8bre Foire de la Chandeleur, qui se tient depuis plus de 300 ans dans la zone autour du Sanctuaire della Rovere, dans la commune de San Bartolomeo al Mare.<\/h3>\n<p>[\/et_pb_text][\/et_pb_column][\/et_pb_row][et_pb_row column_structure=\u00a0\u00bb1_3,1_3,1_3&Prime; _builder_version=\u00a0\u00bb4.16&Prime; width=\u00a0\u00bb63.3%\u00a0\u00bb custom_margin=\u00a0\u00bb-1px|auto||auto||\u00a0\u00bb global_colors_info=\u00a0\u00bb{}\u00a0\u00bb][et_pb_column type=\u00a0\u00bb1_3&Prime; _builder_version=\u00a0\u00bb4.16&Prime; global_colors_info=\u00a0\u00bb{}\u00a0\u00bb][et_pb_blurb title=\u00a0\u00bbSan Bartolomeo al mare, Dolceacqua, La Mortola\u00a0\u00bb use_icon=\u00a0\u00bbon\u00a0\u00bb font_icon=\u00a0\u00bb&#xe01d;||divi||400&Prime; icon_placement=\u00a0\u00bbleft\u00a0\u00bb _builder_version=\u00a0\u00bb4.16&Prime; global_colors_info=\u00a0\u00bb{}\u00a0\u00bb][\/et_pb_blurb][\/et_pb_column][et_pb_column type=\u00a0\u00bb1_3&Prime; _builder_version=\u00a0\u00bb4.16&Prime; global_colors_info=\u00a0\u00bb{}\u00a0\u00bb][et_pb_blurb title=\u00a0\u00bbRiviera des Fleurs\u00a0\u00bb use_icon=\u00a0\u00bbon\u00a0\u00bb font_icon=\u00a0\u00bb&#xe01d;||divi||400&Prime; icon_placement=\u00a0\u00bbleft\u00a0\u00bb _builder_version=\u00a0\u00bb4.16&Prime; global_colors_info=\u00a0\u00bb{}\u00a0\u00bb][\/et_pb_blurb][\/et_pb_column][et_pb_column type=\u00a0\u00bb1_3&Prime; _builder_version=\u00a0\u00bb4.16&Prime; global_colors_info=\u00a0\u00bb{}\u00a0\u00bb][et_pb_blurb title=\u00a0\u00bbLiguria\u00a0\u00bb use_icon=\u00a0\u00bbon\u00a0\u00bb font_icon=\u00a0\u00bb&#xe01d;||divi||400&Prime; icon_placement=\u00a0\u00bbleft\u00a0\u00bb _builder_version=\u00a0\u00bb4.16&Prime; global_colors_info=\u00a0\u00bb{}\u00a0\u00bb][\/et_pb_blurb][\/et_pb_column][\/et_pb_row][et_pb_row _builder_version=\u00a0\u00bb4.16&Prime; _module_preset=\u00a0\u00bbdefault\u00a0\u00bb background_color=\u00a0\u00bb#f2f2f2&Prime; custom_margin=\u00a0\u00bb||70px||false|false\u00a0\u00bb custom_padding=\u00a0\u00bb|20px||20px|false|false\u00a0\u00bb border_radii=\u00a0\u00bbon|10px|10px|10px|10px\u00a0\u00bb global_colors_info=\u00a0\u00bb{}\u00a0\u00bb][et_pb_column type=\u00a0\u00bb4_4&Prime; _builder_version=\u00a0\u00bb4.16&Prime; _module_preset=\u00a0\u00bbdefault\u00a0\u00bb global_colors_info=\u00a0\u00bb{}\u00a0\u00bb][et_pb_text _builder_version=\u00a0\u00bb4.16&Prime; _module_preset=\u00a0\u00bbdefault\u00a0\u00bb global_colors_info=\u00a0\u00bb{}\u00a0\u00bb]<\/p>\n<h4>La Foire de la Chandeleur est la manifestation traditionnelle la plus ancienne de la Ligurie : historiquement li\u00e9e au d\u00e9but de la saison agricole, elle conserve encore aujourd&rsquo;hui son agencement d&rsquo;origine, donnant une grande place \u00e0 la vente d&rsquo;outils agricoles, d&rsquo;animaux d&rsquo;\u00e9levage et de basse-cour, de semences. Ces derni\u00e8res ann\u00e9es, la foire a int\u00e9gr\u00e9, en plus de sa structure d&rsquo;origine, des stands d&rsquo;ambulants, des espaces th\u00e9matiques, des \u00e9v\u00e9nements et des attractions pour les adultes et les enfants.<\/h4>\n<p>[\/et_pb_text][\/et_pb_column][\/et_pb_row][et_pb_row _builder_version=\u00a0\u00bb4.16&Prime; _module_preset=\u00a0\u00bbdefault\u00a0\u00bb background_color=\u00a0\u00bb#333333&Prime; border_radii=\u00a0\u00bbon|10px|10px|10px|10px\u00a0\u00bb global_colors_info=\u00a0\u00bb{}\u00a0\u00bb][et_pb_column type=\u00a0\u00bb4_4&Prime; _builder_version=\u00a0\u00bb4.16&Prime; _module_preset=\u00a0\u00bbdefault\u00a0\u00bb global_colors_info=\u00a0\u00bb{}\u00a0\u00bb][et_pb_text _builder_version=\u00a0\u00bb4.16&Prime; _module_preset=\u00a0\u00bbdefault\u00a0\u00bb text_text_color=\u00a0\u00bb#FFFFFF\u00a0\u00bb header_2_text_color=\u00a0\u00bb#FFFFFF\u00a0\u00bb global_colors_info=\u00a0\u00bb{}\u00a0\u00bb]<\/p>\n<h2 style=\"text-align: center;\"><strong>FORFAIT EXP\u00c9RIENCE<\/strong><\/h2>\n<p>[\/et_pb_text][et_pb_text _builder_version=\u00a0\u00bb4.16&Prime; _module_preset=\u00a0\u00bbdefault\u00a0\u00bb text_text_color=\u00a0\u00bb#FFFFFF\u00a0\u00bb header_2_text_color=\u00a0\u00bb#FFFFFF\u00a0\u00bb global_colors_info=\u00a0\u00bb{}\u00a0\u00bb]<\/p>\n<h2 style=\"text-align: center;\"><em><strong>\u00ab\u00a0Foire de la Chandeleur<\/strong><strong>\u00ab\u00a0<\/strong><\/em><\/h2>\n<p>[\/et_pb_text][et_pb_text _builder_version=\u00a0\u00bb4.16&Prime; _module_preset=\u00a0\u00bbdefault\u00a0\u00bb header_2_text_color=\u00a0\u00bb#FFFFFF\u00a0\u00bb global_colors_info=\u00a0\u00bb{}\u00a0\u00bb background__hover_enabled=\u00a0\u00bbon|hover\u00a0\u00bb background_color__hover=\u00a0\u00bbrgba(242,242,242,0.29)\u00a0\u00bb background_enable_color__hover=\u00a0\u00bbon\u00a0\u00bb]<\/p>\n<h2 style=\"text-align: center;\"><strong>1er JOUR : San Bartolomeo al Mare : La Foire<\/strong><\/h2>\n<p>[\/et_pb_text][et_pb_text _builder_version=\u00a0\u00bb4.16&Prime; _module_preset=\u00a0\u00bbdefault\u00a0\u00bb text_text_color=\u00a0\u00bb#FFFFFF\u00a0\u00bb custom_padding=\u00a0\u00bb|20px||20px|false|false\u00a0\u00bb global_colors_info=\u00a0\u00bb{}\u00a0\u00bb]<\/p>\n<p>Arriv\u00e9e en fin de matin\u00e9e \u00e0 San Bartolomeo al Mare pour la visite et la participation \u00e0 l&rsquo;\u00e9v\u00e9nement, o\u00f9 vous pourrez vous divertir dans les cinq diff\u00e9rents espaces th\u00e9matiques. La foire commence par des installations traditionnelles, suivies d&rsquo;expositions agricoles et naturelles, de gastronomie, d&rsquo;\u00e9levage, et se termine par des stands d&rsquo;\u00e9ducation environnementale et des fermes p\u00e9dagogiques.<\/p>\n<p>\u00c0 la fin de l&rsquo;apr\u00e8s-midi, enregistrement \u00e0 l&rsquo;h\u00f4tel choisi, d\u00eener et nuit\u00e9e.<\/p>\n<p>[\/et_pb_text][et_pb_text _builder_version=\u00a0\u00bb4.16&Prime; _module_preset=\u00a0\u00bbdefault\u00a0\u00bb header_2_text_color=\u00a0\u00bb#FFFFFF\u00a0\u00bb global_colors_info=\u00a0\u00bb{}\u00a0\u00bb background_color__hover=\u00a0\u00bbrgba(242,242,242,0.29)\u00a0\u00bb background__hover_enabled=\u00a0\u00bbon|hover\u00a0\u00bb background_enable_color__hover=\u00a0\u00bbon\u00a0\u00bb]<\/p>\n<h2 style=\"text-align: center;\"><strong>2\u00e8me JOUR : Le c\u0153ur de la Ligurie, l&rsquo;arri\u00e8re-pays<\/strong><\/h2>\n<p>[\/et_pb_text][et_pb_text _builder_version=\u00a0\u00bb4.16&Prime; _module_preset=\u00a0\u00bbdefault\u00a0\u00bb text_text_color=\u00a0\u00bb#FFFFFF\u00a0\u00bb text_orientation=\u00a0\u00bbcenter\u00a0\u00bb custom_padding=\u00a0\u00bb|20px||20px|false|false\u00a0\u00bb global_colors_info=\u00a0\u00bb{}\u00a0\u00bb]<\/p>\n<p>Le matin, nous vous sugg\u00e9rons une fantastique excursion sur la Riviera, premi\u00e8re destination Dolceacqua, o\u00f9 dans un cadre Renaissance, vous pourrez vous promener \u00e0 l&rsquo;ombre des ruines \u00e9vocatrices du Ch\u00e2teau des Doria, en continuant dans les petites rues du centre-ville. \u00c0 l&rsquo;heure du d\u00e9jeuner, d\u00e9gustation de vins et de produits typiques dans l&rsquo;une des caves locales.<\/p>\n<p>L&rsquo;apr\u00e8s-midi, transfert aux Jardins Hanbury \u00e0 La Mortola : un paradis exotique de 18 hectares, cr\u00e9\u00e9 en 1867 par Sir Thomas Hanbury, qui y acclimata des esp\u00e8ces provenant du monde entier, fruit de ses nombreux voyages.<\/p>\n<p>Pour les passionn\u00e9s, il est possible, sur demande, de r\u00e9server un cours de d\u00e9gustation d&rsquo;huile d&rsquo;olive, \u00e0 r\u00e9aliser le premier jour.<\/p>\n<p>[\/et_pb_text][\/et_pb_column][\/et_pb_row][et_pb_row _builder_version=\u00a0\u00bb4.16&Prime; _module_preset=\u00a0\u00bbdefault\u00a0\u00bb background_color=\u00a0\u00bb#f2f2f2&Prime; custom_margin=\u00a0\u00bb50px||||false|false\u00a0\u00bb custom_padding=\u00a0\u00bb|20px||20px|false|false\u00a0\u00bb border_radii=\u00a0\u00bbon|10px|10px|10px|10px\u00a0\u00bb global_colors_info=\u00a0\u00bb{}\u00a0\u00bb][et_pb_column type=\u00a0\u00bb4_4&Prime; _builder_version=\u00a0\u00bb4.16&Prime; _module_preset=\u00a0\u00bbdefault\u00a0\u00bb global_colors_info=\u00a0\u00bb{}\u00a0\u00bb][et_pb_text _builder_version=\u00a0\u00bb4.16&Prime; _module_preset=\u00a0\u00bbdefault\u00a0\u00bb global_colors_info=\u00a0\u00bb{}\u00a0\u00bb]<\/p>\n<h2 style=\"text-align: center;\"><em><strong>Plus d&rsquo;informations sur la Foire de la Chandeleur<\/strong><\/em><\/h2>\n<p>[\/et_pb_text][et_pb_text _builder_version=\u00a0\u00bb4.16&Prime; _module_preset=\u00a0\u00bbdefault\u00a0\u00bb global_colors_info=\u00a0\u00bb{}\u00a0\u00bb]<\/p>\n<p><span style=\"font-size: 12pt;\"><em><strong>Le forfait comprend :<\/strong><\/em><\/span><\/p>\n<ul>\n<li><em>H\u00e9bergement dans l&rsquo;un de nos h\u00f4tels en chambre double<\/em><\/li>\n<li><em>Une nuit\u00e9e avec petit-d\u00e9jeuner<\/em><\/li>\n<li><em>Demi-pension, boissons incluses<\/em><\/li>\n<li><em>Entr\u00e9e au Ch\u00e2teau des Doria \u00e0 Dolceacqua<\/em><\/li>\n<li><em>Entr\u00e9e aux jardins botaniques Hanbury<\/em><\/li>\n<li><em>Frais d&rsquo;\u00e9ducation et de gestion<\/em><\/li>\n<li><em>Assurance<\/em><\/li>\n<\/ul>\n<p>[\/et_pb_text][et_pb_text _builder_version=\u00a0\u00bb4.16&Prime; _module_preset=\u00a0\u00bbdefault\u00a0\u00bb global_colors_info=\u00a0\u00bb{}\u00a0\u00bb]<\/p>\n<p><span style=\"font-size: 12pt;\"><em><strong>Le forfait ne comprend pas :<\/strong><\/em><\/span><\/p>\n<ul>\n<li><em>Les d\u00e9jeuners et d\u00eeners sont \u00e0 consid\u00e9rer selon le menu du jour ou le menu d\u00e9gustation propos\u00e9 par le chef. Toute consommation \u00e0 la carte est \u00e0 r\u00e9gler sur place.<\/em><\/li>\n<li><em>Les visites sugg\u00e9r\u00e9es dans le programme sont \u00e0 consid\u00e9rer libres, c&rsquo;est-\u00e0-dire sans accompagnateur, sauf indication contraire.<\/em><\/li>\n<\/ul>\n<p>[\/et_pb_text][\/et_pb_column][\/et_pb_row][et_pb_row _builder_version=\u00a0\u00bb3.29.3&Prime; global_module=\u00a0\u00bb8401&Prime; global_colors_info=\u00a0\u00bb{}\u00a0\u00bb][et_pb_column type=\u00a0\u00bb4_4&Prime; _builder_version=\u00a0\u00bb4.16&Prime; global_colors_info=\u00a0\u00bb{}\u00a0\u00bb][et_pb_button button_url=\u00a0\u00bbhttps:\/\/nyalatravel.com\/fr\/contacts\/\u00a0\u00bb button_text=\u00a0\u00bbDemandez un devis sans engagement\u00a0\u00bb button_alignment=\u00a0\u00bbcenter\u00a0\u00bb _builder_version=\u00a0\u00bb4.16&Prime; custom_button=\u00a0\u00bbon\u00a0\u00bb button_bg_color=\u00a0\u00bb#353535&Prime; background_layout=\u00a0\u00bbdark\u00a0\u00bb global_colors_info=\u00a0\u00bb{}\u00a0\u00bb][\/et_pb_button][\/et_pb_column][\/et_pb_row][\/et_pb_section]<\/p>\n","protected":false},"excerpt":{"rendered":"<p>Nous sommes heureux de vous inviter \u00e0 la c\u00e9l\u00e8bre Foire de la Chandeleur, qui se tient depuis plus de 300 ans dans la zone autour du Sanctuaire della Rovere, dans la commune de San Bartolomeo al Mare.<\/p>\n","protected":false},"author":1,"featured_media":10619,"comment_status":"closed","ping_status":"open","sticky":false,"template":"","format":"standard","meta":{"_acf_changed":false,"_et_pb_use_builder":"on","_et_pb_old_content":"","_et_gb_content_width":"","footnotes":""},"categories":[572,437],"tags":[],"class_list":["post-13393","post","type-post","status-publish","format-standard","has-post-thumbnail","hentry","category-forfaits-week-end-dexperience","category-week-end-fetes-et-traditions-fr"],"acf":[],"yoast_head":"<!-- This site is optimized with the Yoast SEO plugin v25.9 - https:\/\/yoast.com\/wordpress\/plugins\/seo\/ -->\n<title>Week-end de Tradition: La Foire de la Chandeleur | TOUR OPERATOR INCOMING LIGURIA COSTA AZZURRA PROVENZA PIEMONTE<\/title>\n<meta name=\"description\" content=\"\u00c9v\u00e9nement historique gastronomique avec la Foire de la Chandeleur, historiquement le premier week-end de f\u00e9vrier \u00e0 San Bartolomeo al Mare en Ligurie.\" \/>\n<meta name=\"robots\" content=\"index, follow, max-snippet:-1, max-image-preview:large, max-video-preview:-1\" \/>\n<link rel=\"canonical\" href=\"https:\/\/nyalatravel.com\/fr\/week-end-de-tradition-la-foire-de-la-chandeleur\/\" \/>\n<meta property=\"og:locale\" content=\"fr_FR\" \/>\n<meta property=\"og:type\" content=\"article\" \/>\n<meta property=\"og:title\" content=\"Week-end de Tradition: La Foire de la Chandeleur | TOUR OPERATOR INCOMING LIGURIA COSTA AZZURRA PROVENZA PIEMONTE\" \/>\n<meta property=\"og:description\" content=\"\u00c9v\u00e9nement historique gastronomique avec la Foire de la Chandeleur, historiquement le premier week-end de f\u00e9vrier \u00e0 San Bartolomeo al Mare en Ligurie.\" \/>\n<meta property=\"og:url\" content=\"https:\/\/nyalatravel.com\/fr\/week-end-de-tradition-la-foire-de-la-chandeleur\/\" \/>\n<meta property=\"og:site_name\" content=\"TOUR OPERATOR INCOMING LIGURIA COSTA AZZURRA PROVENZA PIEMONTE\" \/>\n<meta property=\"article:published_time\" content=\"2024-07-29T10:31:53+00:00\" \/>\n<meta property=\"article:modified_time\" content=\"2024-08-01T09:13:38+00:00\" \/>\n<meta property=\"og:image\" content=\"https:\/\/nyalatravel.com\/wp-content\/uploads\/2012\/11\/1430__comimm1.jpg\" \/>\n\t<meta property=\"og:image:width\" content=\"980\" \/>\n\t<meta property=\"og:image:height\" content=\"350\" \/>\n\t<meta property=\"og:image:type\" content=\"image\/jpeg\" \/>\n<meta name=\"author\" content=\"nyala\" \/>\n<meta name=\"twitter:label1\" content=\"\u00c9crit par\" \/>\n\t<meta name=\"twitter:data1\" content=\"nyala\" \/>\n\t<meta name=\"twitter:label2\" content=\"Dur\u00e9e de lecture estim\u00e9e\" \/>\n\t<meta name=\"twitter:data2\" content=\"3 minutes\" \/>\n<script type=\"application\/ld+json\" class=\"yoast-schema-graph\">{\"@context\":\"https:\/\/schema.org\",\"@graph\":[{\"@type\":\"WebPage\",\"@id\":\"https:\/\/nyalatravel.com\/fr\/week-end-de-tradition-la-foire-de-la-chandeleur\/\",\"url\":\"https:\/\/nyalatravel.com\/fr\/week-end-de-tradition-la-foire-de-la-chandeleur\/\",\"name\":\"Week-end de Tradition: La Foire de la Chandeleur | TOUR OPERATOR INCOMING LIGURIA COSTA AZZURRA PROVENZA PIEMONTE\",\"isPartOf\":{\"@id\":\"https:\/\/nyalatravel.com\/fr\/#website\"},\"primaryImageOfPage\":{\"@id\":\"https:\/\/nyalatravel.com\/fr\/week-end-de-tradition-la-foire-de-la-chandeleur\/#primaryimage\"},\"image\":{\"@id\":\"https:\/\/nyalatravel.com\/fr\/week-end-de-tradition-la-foire-de-la-chandeleur\/#primaryimage\"},\"thumbnailUrl\":\"https:\/\/nyalatravel.com\/wp-content\/uploads\/2012\/11\/1430__comimm1.jpg\",\"datePublished\":\"2024-07-29T10:31:53+00:00\",\"dateModified\":\"2024-08-01T09:13:38+00:00\",\"author\":{\"@id\":\"https:\/\/nyalatravel.com\/fr\/#\/schema\/person\/1656f6d442b2c1139ca48a1cce656e7c\"},\"description\":\"\u00c9v\u00e9nement historique gastronomique avec la Foire de la Chandeleur, historiquement le premier week-end de f\u00e9vrier \u00e0 San Bartolomeo al Mare en Ligurie.\",\"breadcrumb\":{\"@id\":\"https:\/\/nyalatravel.com\/fr\/week-end-de-tradition-la-foire-de-la-chandeleur\/#breadcrumb\"},\"inLanguage\":\"fr-FR\",\"potentialAction\":[{\"@type\":\"ReadAction\",\"target\":[\"https:\/\/nyalatravel.com\/fr\/week-end-de-tradition-la-foire-de-la-chandeleur\/\"]}]},{\"@type\":\"ImageObject\",\"inLanguage\":\"fr-FR\",\"@id\":\"https:\/\/nyalatravel.com\/fr\/week-end-de-tradition-la-foire-de-la-chandeleur\/#primaryimage\",\"url\":\"https:\/\/nyalatravel.com\/wp-content\/uploads\/2012\/11\/1430__comimm1.jpg\",\"contentUrl\":\"https:\/\/nyalatravel.com\/wp-content\/uploads\/2012\/11\/1430__comimm1.jpg\",\"width\":\"980\",\"height\":\"350\",\"caption\":\"San Bartolomeo al Mare\"},{\"@type\":\"BreadcrumbList\",\"@id\":\"https:\/\/nyalatravel.com\/fr\/week-end-de-tradition-la-foire-de-la-chandeleur\/#breadcrumb\",\"itemListElement\":[{\"@type\":\"ListItem\",\"position\":1,\"name\":\"Home\",\"item\":\"https:\/\/nyalatravel.com\/fr\/\"},{\"@type\":\"ListItem\",\"position\":2,\"name\":\"Week-end de Tradition: La Foire de la Chandeleur\"}]},{\"@type\":\"WebSite\",\"@id\":\"https:\/\/nyalatravel.com\/fr\/#website\",\"url\":\"https:\/\/nyalatravel.com\/fr\/\",\"name\":\"TOUR OPERATOR INCOMING LIGURIA COSTA AZZURRA PROVENZA PIEMONTE\",\"description\":\"Nyala Wonder Travel D.M.C. Sanremo\",\"potentialAction\":[{\"@type\":\"SearchAction\",\"target\":{\"@type\":\"EntryPoint\",\"urlTemplate\":\"https:\/\/nyalatravel.com\/fr\/?s={search_term_string}\"},\"query-input\":{\"@type\":\"PropertyValueSpecification\",\"valueRequired\":true,\"valueName\":\"search_term_string\"}}],\"inLanguage\":\"fr-FR\"},{\"@type\":\"Person\",\"@id\":\"https:\/\/nyalatravel.com\/fr\/#\/schema\/person\/1656f6d442b2c1139ca48a1cce656e7c\",\"name\":\"nyala\",\"image\":{\"@type\":\"ImageObject\",\"inLanguage\":\"fr-FR\",\"@id\":\"https:\/\/nyalatravel.com\/fr\/#\/schema\/person\/image\/\",\"url\":\"https:\/\/secure.gravatar.com\/avatar\/f7a5868e5bab01769ba9e8d575a8e64c7b2565c93e480cff0ab08e82e18f9ab1?s=96&d=mm&r=g\",\"contentUrl\":\"https:\/\/secure.gravatar.com\/avatar\/f7a5868e5bab01769ba9e8d575a8e64c7b2565c93e480cff0ab08e82e18f9ab1?s=96&d=mm&r=g\",\"caption\":\"nyala\"}}]}<\/script>\n<!-- \/ Yoast SEO plugin. -->","yoast_head_json":{"title":"Week-end de Tradition: La Foire de la Chandeleur | TOUR OPERATOR INCOMING LIGURIA COSTA AZZURRA PROVENZA PIEMONTE","description":"\u00c9v\u00e9nement historique gastronomique avec la Foire de la Chandeleur, historiquement le premier week-end de f\u00e9vrier \u00e0 San Bartolomeo al Mare en Ligurie.","robots":{"index":"index","follow":"follow","max-snippet":"max-snippet:-1","max-image-preview":"max-image-preview:large","max-video-preview":"max-video-preview:-1"},"canonical":"https:\/\/nyalatravel.com\/fr\/week-end-de-tradition-la-foire-de-la-chandeleur\/","og_locale":"fr_FR","og_type":"article","og_title":"Week-end de Tradition: La Foire de la Chandeleur | TOUR OPERATOR INCOMING LIGURIA COSTA AZZURRA PROVENZA PIEMONTE","og_description":"\u00c9v\u00e9nement historique gastronomique avec la Foire de la Chandeleur, historiquement le premier week-end de f\u00e9vrier \u00e0 San Bartolomeo al Mare en Ligurie.","og_url":"https:\/\/nyalatravel.com\/fr\/week-end-de-tradition-la-foire-de-la-chandeleur\/","og_site_name":"TOUR OPERATOR INCOMING LIGURIA COSTA AZZURRA PROVENZA PIEMONTE","article_published_time":"2024-07-29T10:31:53+00:00","article_modified_time":"2024-08-01T09:13:38+00:00","og_image":[{"width":980,"height":350,"url":"https:\/\/nyalatravel.com\/wp-content\/uploads\/2012\/11\/1430__comimm1.jpg","type":"image\/jpeg"}],"author":"nyala","twitter_misc":{"\u00c9crit par":"nyala","Dur\u00e9e de lecture estim\u00e9e":"3 minutes"},"schema":{"@context":"https:\/\/schema.org","@graph":[{"@type":"WebPage","@id":"https:\/\/nyalatravel.com\/fr\/week-end-de-tradition-la-foire-de-la-chandeleur\/","url":"https:\/\/nyalatravel.com\/fr\/week-end-de-tradition-la-foire-de-la-chandeleur\/","name":"Week-end de Tradition: La Foire de la Chandeleur | TOUR OPERATOR INCOMING LIGURIA COSTA AZZURRA PROVENZA PIEMONTE","isPartOf":{"@id":"https:\/\/nyalatravel.com\/fr\/#website"},"primaryImageOfPage":{"@id":"https:\/\/nyalatravel.com\/fr\/week-end-de-tradition-la-foire-de-la-chandeleur\/#primaryimage"},"image":{"@id":"https:\/\/nyalatravel.com\/fr\/week-end-de-tradition-la-foire-de-la-chandeleur\/#primaryimage"},"thumbnailUrl":"https:\/\/nyalatravel.com\/wp-content\/uploads\/2012\/11\/1430__comimm1.jpg","datePublished":"2024-07-29T10:31:53+00:00","dateModified":"2024-08-01T09:13:38+00:00","author":{"@id":"https:\/\/nyalatravel.com\/fr\/#\/schema\/person\/1656f6d442b2c1139ca48a1cce656e7c"},"description":"\u00c9v\u00e9nement historique gastronomique avec la Foire de la Chandeleur, historiquement le premier week-end de f\u00e9vrier \u00e0 San Bartolomeo al Mare en Ligurie.","breadcrumb":{"@id":"https:\/\/nyalatravel.com\/fr\/week-end-de-tradition-la-foire-de-la-chandeleur\/#breadcrumb"},"inLanguage":"fr-FR","potentialAction":[{"@type":"ReadAction","target":["https:\/\/nyalatravel.com\/fr\/week-end-de-tradition-la-foire-de-la-chandeleur\/"]}]},{"@type":"ImageObject","inLanguage":"fr-FR","@id":"https:\/\/nyalatravel.com\/fr\/week-end-de-tradition-la-foire-de-la-chandeleur\/#primaryimage","url":"https:\/\/nyalatravel.com\/wp-content\/uploads\/2012\/11\/1430__comimm1.jpg","contentUrl":"https:\/\/nyalatravel.com\/wp-content\/uploads\/2012\/11\/1430__comimm1.jpg","width":"980","height":"350","caption":"San Bartolomeo al Mare"},{"@type":"BreadcrumbList","@id":"https:\/\/nyalatravel.com\/fr\/week-end-de-tradition-la-foire-de-la-chandeleur\/#breadcrumb","itemListElement":[{"@type":"ListItem","position":1,"name":"Home","item":"https:\/\/nyalatravel.com\/fr\/"},{"@type":"ListItem","position":2,"name":"Week-end de Tradition: La Foire de la Chandeleur"}]},{"@type":"WebSite","@id":"https:\/\/nyalatravel.com\/fr\/#website","url":"https:\/\/nyalatravel.com\/fr\/","name":"TOUR OPERATOR INCOMING LIGURIA COSTA AZZURRA PROVENZA PIEMONTE","description":"Nyala Wonder Travel D.M.C. Sanremo","potentialAction":[{"@type":"SearchAction","target":{"@type":"EntryPoint","urlTemplate":"https:\/\/nyalatravel.com\/fr\/?s={search_term_string}"},"query-input":{"@type":"PropertyValueSpecification","valueRequired":true,"valueName":"search_term_string"}}],"inLanguage":"fr-FR"},{"@type":"Person","@id":"https:\/\/nyalatravel.com\/fr\/#\/schema\/person\/1656f6d442b2c1139ca48a1cce656e7c","name":"nyala","image":{"@type":"ImageObject","inLanguage":"fr-FR","@id":"https:\/\/nyalatravel.com\/fr\/#\/schema\/person\/image\/","url":"https:\/\/secure.gravatar.com\/avatar\/f7a5868e5bab01769ba9e8d575a8e64c7b2565c93e480cff0ab08e82e18f9ab1?s=96&d=mm&r=g","contentUrl":"https:\/\/secure.gravatar.com\/avatar\/f7a5868e5bab01769ba9e8d575a8e64c7b2565c93e480cff0ab08e82e18f9ab1?s=96&d=mm&r=g","caption":"nyala"}}]}},"_links":{"self":[{"href":"https:\/\/nyalatravel.com\/fr\/wp-json\/wp\/v2\/posts\/13393","targetHints":{"allow":["GET"]}}],"collection":[{"href":"https:\/\/nyalatravel.com\/fr\/wp-json\/wp\/v2\/posts"}],"about":[{"href":"https:\/\/nyalatravel.com\/fr\/wp-json\/wp\/v2\/types\/post"}],"author":[{"embeddable":true,"href":"https:\/\/nyalatravel.com\/fr\/wp-json\/wp\/v2\/users\/1"}],"replies":[{"embeddable":true,"href":"https:\/\/nyalatravel.com\/fr\/wp-json\/wp\/v2\/comments?post=13393"}],"version-history":[{"count":4,"href":"https:\/\/nyalatravel.com\/fr\/wp-json\/wp\/v2\/posts\/13393\/revisions"}],"predecessor-version":[{"id":13742,"href":"https:\/\/nyalatravel.com\/fr\/wp-json\/wp\/v2\/posts\/13393\/revisions\/13742"}],"wp:featuredmedia":[{"embeddable":true,"href":"https:\/\/nyalatravel.com\/fr\/wp-json\/wp\/v2\/media\/10619"}],"wp:attachment":[{"href":"https:\/\/nyalatravel.com\/fr\/wp-json\/wp\/v2\/media?parent=13393"}],"wp:term":[{"taxonomy":"category","embeddable":true,"href":"https:\/\/nyalatravel.com\/fr\/wp-json\/wp\/v2\/categories?post=13393"},{"taxonomy":"post_tag","embeddable":true,"href":"https:\/\/nyalatravel.com\/fr\/wp-json\/wp\/v2\/tags?post=13393"}],"curies":[{"name":"wp","href":"https:\/\/api.w.org\/{rel}","templated":true}]}}