{"id":11252,"date":"2021-10-16T17:56:43","date_gmt":"2021-10-16T17:56:43","guid":{"rendered":"https:\/\/nyalatravel.com\/creez-votre-propre-parfum-voyagez-a-travers-les-parfums-de-lexperience-de-la-provence\/"},"modified":"2024-07-25T11:43:25","modified_gmt":"2024-07-25T11:43:25","slug":"creez-votre-propre-parfum-voyagez-a-travers-les-parfums-de-lexperience-de-la-provence","status":"publish","type":"post","link":"https:\/\/nyalatravel.com\/fr\/creez-votre-propre-parfum-voyagez-a-travers-les-parfums-de-lexperience-de-la-provence\/","title":{"rendered":"Cr\u00e9ez votre propre parfum : voyagez \u00e0 travers les parfums de l&rsquo;Exp\u00e9rience de la Provence."},"content":{"rendered":"<p>[et_pb_section fb_built=\u00a0\u00bb1&Prime; _builder_version=\u00a0\u00bb3.22&Prime; global_colors_info=\u00a0\u00bb{}\u00a0\u00bb][et_pb_row _builder_version=\u00a0\u00bb3.25&Prime; background_size=\u00a0\u00bbinitial\u00a0\u00bb background_position=\u00a0\u00bbtop_left\u00a0\u00bb background_repeat=\u00a0\u00bbrepeat\u00a0\u00bb global_colors_info=\u00a0\u00bb{}\u00a0\u00bb][et_pb_column type=\u00a0\u00bb4_4&Prime; _builder_version=\u00a0\u00bb3.25&Prime; custom_padding=\u00a0\u00bb|||\u00a0\u00bb global_colors_info=\u00a0\u00bb{}\u00a0\u00bb custom_padding__hover=\u00a0\u00bb|||\u00a0\u00bb][et_pb_text _builder_version=\u00a0\u00bb3.29.3&Prime; background_size=\u00a0\u00bbinitial\u00a0\u00bb background_position=\u00a0\u00bbtop_left\u00a0\u00bb background_repeat=\u00a0\u00bbrepeat\u00a0\u00bb global_colors_info=\u00a0\u00bb{}\u00a0\u00bb]<\/p>\n<h4><b>Un tour des senteurs et des couleurs des villages de la C\u00f4te d&rsquo;Azur, qui sont devenus au fil des ans des sites du patrimoine mondial de l&rsquo;UNESCO.<\/b><b>.<\/b><\/h4>\n<p>[\/et_pb_text][\/et_pb_column][\/et_pb_row][et_pb_row column_structure=\u00a0\u00bb1_3,1_3,1_3&Prime; _builder_version=\u00a0\u00bb3.29.3&Prime; width=\u00a0\u00bb63.3%\u00a0\u00bb custom_margin=\u00a0\u00bb-1px|auto||auto||\u00a0\u00bb global_colors_info=\u00a0\u00bb{}\u00a0\u00bb][et_pb_column type=\u00a0\u00bb1_3&Prime; _builder_version=\u00a0\u00bb3.29.3&Prime; global_colors_info=\u00a0\u00bb{}\u00a0\u00bb][et_pb_blurb title=\u00a0\u00bbSt. Paul de Vence Grasse\u00a0\u00bb use_icon=\u00a0\u00bbon\u00a0\u00bb font_icon=\u00a0\u00bb%%122%%\u00a0\u00bb icon_placement=\u00a0\u00bbleft\u00a0\u00bb _builder_version=\u00a0\u00bb3.29.3&Prime; global_colors_info=\u00a0\u00bb{}\u00a0\u00bb][\/et_pb_blurb][\/et_pb_column][et_pb_column type=\u00a0\u00bb1_3&Prime; _builder_version=\u00a0\u00bb3.29.3&Prime; global_colors_info=\u00a0\u00bb{}\u00a0\u00bb][et_pb_blurb title=\u00a0\u00bbC\u00f4te d&rsquo;Azur\u00a0\u00bb use_icon=\u00a0\u00bbon\u00a0\u00bb font_icon=\u00a0\u00bb%%122%%\u00a0\u00bb icon_placement=\u00a0\u00bbleft\u00a0\u00bb _builder_version=\u00a0\u00bb3.29.3&Prime; global_colors_info=\u00a0\u00bb{}\u00a0\u00bb][\/et_pb_blurb][\/et_pb_column][et_pb_column type=\u00a0\u00bb1_3&Prime; _builder_version=\u00a0\u00bb3.29.3&Prime; global_colors_info=\u00a0\u00bb{}\u00a0\u00bb][et_pb_blurb title=\u00a0\u00bbFrance\u00a0\u00bb use_icon=\u00a0\u00bbon\u00a0\u00bb font_icon=\u00a0\u00bb%%122%%\u00a0\u00bb icon_placement=\u00a0\u00bbleft\u00a0\u00bb _builder_version=\u00a0\u00bb3.29.3&Prime; global_colors_info=\u00a0\u00bb{}\u00a0\u00bb][\/et_pb_blurb][\/et_pb_column][\/et_pb_row][et_pb_row column_structure=\u00a0\u00bb1_2,1_2&Prime; _builder_version=\u00a0\u00bb3.29.3&Prime; background_color=\u00a0\u00bb#d6d6d6&Prime; custom_padding=\u00a0\u00bb10px|5px|10px|5px|false|false\u00a0\u00bb global_colors_info=\u00a0\u00bb{}\u00a0\u00bb][et_pb_column type=\u00a0\u00bb1_2&Prime; _builder_version=\u00a0\u00bb3.29.3&Prime; global_colors_info=\u00a0\u00bb{}\u00a0\u00bb][et_pb_text _builder_version=\u00a0\u00bb3.29.3&Prime; text_text_color=\u00a0\u00bb#0c71c3&Prime; background_size=\u00a0\u00bbinitial\u00a0\u00bb background_position=\u00a0\u00bbtop_left\u00a0\u00bb background_repeat=\u00a0\u00bbrepeat\u00a0\u00bb global_colors_info=\u00a0\u00bb{}\u00a0\u00bb]<\/p>\n<p><span style=\"font-weight: 400;\">Le matin, d\u00e9part de<\/span><b> Sanremo<\/b><span style=\"font-weight: 400;\"> en direction de <\/span><b>la C\u00f4te d&rsquo;Azur<\/b><span style=\"font-weight: 400;\">, jusqu&rsquo;\u00e0 ce que vous atteigniez le village de <\/span><b>St. Paul de Vence<\/b><span style=\"font-weight: 400;\">, un charmant village m\u00e9di\u00e9val qui est devenu au fil des ans une communaut\u00e9 florissante d&rsquo;artistes.<\/span><\/p>\n<p><span style=\"font-weight: 400;\">Puis direction <\/span><b>Grasse<\/b><span style=\"font-weight: 400;\">, la capitale des parfums, patrie du c\u00e9l\u00e8bre <\/span><b>Chanel n\u00b05,<\/b><span style=\"font-weight: 400;\"> o\u00f9 vous pourrez visiter <\/span><a href=\"https:\/\/www.museesdegrasse.com\/it\"><span style=\"font-weight: 400;\">le Mus\u00e9e international de la parfumerie<\/span><\/a><span style=\"font-weight: 400;\">, un lieu qui retrace l&rsquo;histoire s\u00e9culaire des ma\u00eetres parfumeurs fran\u00e7ais.<\/span><\/p>\n<p>[\/et_pb_text][\/et_pb_column][et_pb_column type=\u00a0\u00bb1_2&Prime; _builder_version=\u00a0\u00bb3.29.3&Prime; global_colors_info=\u00a0\u00bb{}\u00a0\u00bb][et_pb_text _builder_version=\u00a0\u00bb3.29.3&Prime; text_text_color=\u00a0\u00bb#0c71c3&Prime; background_size=\u00a0\u00bbinitial\u00a0\u00bb background_position=\u00a0\u00bbtop_left\u00a0\u00bb background_repeat=\u00a0\u00bbrepeat\u00a0\u00bb global_colors_info=\u00a0\u00bb{}\u00a0\u00bb]<\/p>\n<p><span style=\"font-weight: 400;\">Puis le point culminant de la journ\u00e9e : la visite d&rsquo;une des fabriques de parfums modernes, o\u00f9 vous pourrez <\/span><b>participer \u00e0 un atelier de fabrication de parfums<\/b><span style=\"font-weight: 400;\"> et faire vos achats directement dans la boutique.<\/span><\/p>\n<p>Retour dans la soir\u00e9e.<\/p>\n<p>[\/et_pb_text][\/et_pb_column][\/et_pb_row][et_pb_row column_structure=\u00a0\u00bb1_2,1_2&Prime; _builder_version=\u00a0\u00bb3.29.3&Prime; global_module=\u00a0\u00bb8403&Prime; saved_tabs=\u00a0\u00bball\u00a0\u00bb global_colors_info=\u00a0\u00bb{}\u00a0\u00bb][et_pb_column type=\u00a0\u00bb1_2&Prime; _builder_version=\u00a0\u00bb3.29.3&Prime; global_colors_info=\u00a0\u00bb{}\u00a0\u00bb][et_pb_text _builder_version=\u00a0\u00bb3.29.3&Prime; background_size=\u00a0\u00bbinitial\u00a0\u00bb background_position=\u00a0\u00bbtop_left\u00a0\u00bb background_repeat=\u00a0\u00bbrepeat\u00a0\u00bb global_colors_info=\u00a0\u00bb{}\u00a0\u00bb]<\/p>\n<p>Services \u00e0 la carte :<\/p>\n<ul>\n<li>transfert aller-retour<\/li>\n<li>un guide touristique agr\u00e9\u00e9 disponible pour la journ\u00e9e dans la langue choisie<br \/>\ndes visites chez<\/li>\n<li>les producteurs figurant dans le programme<\/li>\n<li>D\u00e9gustation des produits indiqu\u00e9s dans le programme<\/li>\n<li>d\u00e9jeuner dans un restaurant local typique pour go\u00fbter les sp\u00e9cialit\u00e9s de la cuisine ligurienne<\/li>\n<\/ul>\n<p>[\/et_pb_text][\/et_pb_column][et_pb_column type=\u00a0\u00bb1_2&Prime; _builder_version=\u00a0\u00bb3.29.3&Prime; global_colors_info=\u00a0\u00bb{}\u00a0\u00bb][\/et_pb_column][\/et_pb_row][et_pb_row _builder_version=\u00a0\u00bb3.29.3&Prime; global_module=\u00a0\u00bb8401&Prime; saved_tabs=\u00a0\u00bball\u00a0\u00bb global_colors_info=\u00a0\u00bb{}\u00a0\u00bb][et_pb_column type=\u00a0\u00bb4_4&Prime; _builder_version=\u00a0\u00bb3.29.3&Prime; global_colors_info=\u00a0\u00bb{}\u00a0\u00bb][et_pb_button button_url=\u00a0\u00bbhttps:\/\/nyalatravel.com\/fr\/contacts\/\u00a0\u00bb button_text=\u00a0\u00bbDemandez un devis sans engagement\u00a0\u00bb button_alignment=\u00a0\u00bbcenter\u00a0\u00bb _builder_version=\u00a0\u00bb3.29.3&Prime; custom_button=\u00a0\u00bbon\u00a0\u00bb button_bg_color=\u00a0\u00bb#353535&Prime; background_layout=\u00a0\u00bbdark\u00a0\u00bb global_colors_info=\u00a0\u00bb{}\u00a0\u00bb][\/et_pb_button][\/et_pb_column][\/et_pb_row][\/et_pb_section]<\/p>\n","protected":false},"excerpt":{"rendered":"<p>Une visite \u00e0 travers les parfums et les couleurs des villages de la C\u00f4te d&rsquo;Azur, devenus au fil des ans des sites du patrimoine mondial de l&rsquo;UNESCO.<\/p>\n","protected":false},"author":1,"featured_media":9121,"comment_status":"closed","ping_status":"open","sticky":false,"template":"","format":"standard","meta":{"_acf_changed":false,"_et_pb_use_builder":"on","_et_pb_old_content":"","_et_gb_content_width":"","footnotes":""},"categories":[302],"tags":[650,645,646,647,648,649,621],"class_list":["post-11252","post","type-post","status-publish","format-standard","has-post-thumbnail","hentry","category-fleurs-jardins","tag-chanel-n5-fr","tag-france-fr","tag-grasse-fr","tag-musee","tag-parfums","tag-st-paul-de-vence-fr","tag-workshop-fr"],"acf":[],"yoast_head":"<!-- This site is optimized with the Yoast SEO plugin v25.9 - https:\/\/yoast.com\/wordpress\/plugins\/seo\/ -->\n<title>Cr\u00e9ez votre propre parfum : voyagez \u00e0 travers les parfums de l&#039;Exp\u00e9rience de la Provence. | TOUR OPERATOR INCOMING LIGURIA COSTA AZZURRA PROVENZA PIEMONTE<\/title>\n<meta name=\"description\" content=\"Un tour des senteurs et des couleurs des villages de la C\u00f4te d&#039;Azur, qui sont devenus au fil des ans des sites du patrimoine mondial de l&#039;UNESCO.\" \/>\n<meta name=\"robots\" content=\"index, follow, max-snippet:-1, max-image-preview:large, max-video-preview:-1\" \/>\n<link rel=\"canonical\" href=\"https:\/\/nyalatravel.com\/fr\/creez-votre-propre-parfum-voyagez-a-travers-les-parfums-de-lexperience-de-la-provence\/\" \/>\n<meta property=\"og:locale\" content=\"fr_FR\" \/>\n<meta property=\"og:type\" content=\"article\" \/>\n<meta property=\"og:title\" content=\"Cr\u00e9ez votre propre parfum : voyagez \u00e0 travers les parfums de l&#039;Exp\u00e9rience de la Provence. | TOUR OPERATOR INCOMING LIGURIA COSTA AZZURRA PROVENZA PIEMONTE\" \/>\n<meta property=\"og:description\" content=\"Un tour des senteurs et des couleurs des villages de la C\u00f4te d&#039;Azur, qui sont devenus au fil des ans des sites du patrimoine mondial de l&#039;UNESCO.\" \/>\n<meta property=\"og:url\" content=\"https:\/\/nyalatravel.com\/fr\/creez-votre-propre-parfum-voyagez-a-travers-les-parfums-de-lexperience-de-la-provence\/\" \/>\n<meta property=\"og:site_name\" content=\"TOUR OPERATOR INCOMING LIGURIA COSTA AZZURRA PROVENZA PIEMONTE\" \/>\n<meta property=\"article:published_time\" content=\"2021-10-16T17:56:43+00:00\" \/>\n<meta property=\"article:modified_time\" content=\"2024-07-25T11:43:25+00:00\" \/>\n<meta property=\"og:image\" content=\"https:\/\/nyalatravel.com\/wp-content\/uploads\/2020\/11\/crea-profumo-scaled.jpg\" \/>\n\t<meta property=\"og:image:width\" content=\"2560\" \/>\n\t<meta property=\"og:image:height\" content=\"1707\" \/>\n\t<meta property=\"og:image:type\" content=\"image\/jpeg\" \/>\n<meta name=\"author\" content=\"nyala\" \/>\n<meta name=\"twitter:label1\" content=\"\u00c9crit par\" \/>\n\t<meta name=\"twitter:data1\" content=\"nyala\" \/>\n\t<meta name=\"twitter:label2\" content=\"Dur\u00e9e de lecture estim\u00e9e\" \/>\n\t<meta name=\"twitter:data2\" content=\"3 minutes\" \/>\n<script type=\"application\/ld+json\" class=\"yoast-schema-graph\">{\"@context\":\"https:\/\/schema.org\",\"@graph\":[{\"@type\":\"WebPage\",\"@id\":\"https:\/\/nyalatravel.com\/fr\/creez-votre-propre-parfum-voyagez-a-travers-les-parfums-de-lexperience-de-la-provence\/\",\"url\":\"https:\/\/nyalatravel.com\/fr\/creez-votre-propre-parfum-voyagez-a-travers-les-parfums-de-lexperience-de-la-provence\/\",\"name\":\"Cr\u00e9ez votre propre parfum : voyagez \u00e0 travers les parfums de l'Exp\u00e9rience de la Provence. | TOUR OPERATOR INCOMING LIGURIA COSTA AZZURRA PROVENZA PIEMONTE\",\"isPartOf\":{\"@id\":\"https:\/\/nyalatravel.com\/fr\/#website\"},\"primaryImageOfPage\":{\"@id\":\"https:\/\/nyalatravel.com\/fr\/creez-votre-propre-parfum-voyagez-a-travers-les-parfums-de-lexperience-de-la-provence\/#primaryimage\"},\"image\":{\"@id\":\"https:\/\/nyalatravel.com\/fr\/creez-votre-propre-parfum-voyagez-a-travers-les-parfums-de-lexperience-de-la-provence\/#primaryimage\"},\"thumbnailUrl\":\"https:\/\/nyalatravel.com\/wp-content\/uploads\/2020\/11\/crea-profumo-scaled.jpg\",\"datePublished\":\"2021-10-16T17:56:43+00:00\",\"dateModified\":\"2024-07-25T11:43:25+00:00\",\"author\":{\"@id\":\"https:\/\/nyalatravel.com\/fr\/#\/schema\/person\/1656f6d442b2c1139ca48a1cce656e7c\"},\"description\":\"Un tour des senteurs et des couleurs des villages de la C\u00f4te d'Azur, qui sont devenus au fil des ans des sites du patrimoine mondial de l'UNESCO.\",\"breadcrumb\":{\"@id\":\"https:\/\/nyalatravel.com\/fr\/creez-votre-propre-parfum-voyagez-a-travers-les-parfums-de-lexperience-de-la-provence\/#breadcrumb\"},\"inLanguage\":\"fr-FR\",\"potentialAction\":[{\"@type\":\"ReadAction\",\"target\":[\"https:\/\/nyalatravel.com\/fr\/creez-votre-propre-parfum-voyagez-a-travers-les-parfums-de-lexperience-de-la-provence\/\"]}]},{\"@type\":\"ImageObject\",\"inLanguage\":\"fr-FR\",\"@id\":\"https:\/\/nyalatravel.com\/fr\/creez-votre-propre-parfum-voyagez-a-travers-les-parfums-de-lexperience-de-la-provence\/#primaryimage\",\"url\":\"https:\/\/nyalatravel.com\/wp-content\/uploads\/2020\/11\/crea-profumo-scaled.jpg\",\"contentUrl\":\"https:\/\/nyalatravel.com\/wp-content\/uploads\/2020\/11\/crea-profumo-scaled.jpg\",\"width\":2560,\"height\":1707},{\"@type\":\"BreadcrumbList\",\"@id\":\"https:\/\/nyalatravel.com\/fr\/creez-votre-propre-parfum-voyagez-a-travers-les-parfums-de-lexperience-de-la-provence\/#breadcrumb\",\"itemListElement\":[{\"@type\":\"ListItem\",\"position\":1,\"name\":\"Home\",\"item\":\"https:\/\/nyalatravel.com\/fr\/\"},{\"@type\":\"ListItem\",\"position\":2,\"name\":\"Cr\u00e9ez votre propre parfum : voyagez \u00e0 travers les parfums de l&#8217;Exp\u00e9rience de la Provence.\"}]},{\"@type\":\"WebSite\",\"@id\":\"https:\/\/nyalatravel.com\/fr\/#website\",\"url\":\"https:\/\/nyalatravel.com\/fr\/\",\"name\":\"TOUR OPERATOR INCOMING LIGURIA COSTA AZZURRA PROVENZA PIEMONTE\",\"description\":\"Nyala Wonder Travel D.M.C. Sanremo\",\"potentialAction\":[{\"@type\":\"SearchAction\",\"target\":{\"@type\":\"EntryPoint\",\"urlTemplate\":\"https:\/\/nyalatravel.com\/fr\/?s={search_term_string}\"},\"query-input\":{\"@type\":\"PropertyValueSpecification\",\"valueRequired\":true,\"valueName\":\"search_term_string\"}}],\"inLanguage\":\"fr-FR\"},{\"@type\":\"Person\",\"@id\":\"https:\/\/nyalatravel.com\/fr\/#\/schema\/person\/1656f6d442b2c1139ca48a1cce656e7c\",\"name\":\"nyala\",\"image\":{\"@type\":\"ImageObject\",\"inLanguage\":\"fr-FR\",\"@id\":\"https:\/\/nyalatravel.com\/fr\/#\/schema\/person\/image\/\",\"url\":\"https:\/\/secure.gravatar.com\/avatar\/f7a5868e5bab01769ba9e8d575a8e64c7b2565c93e480cff0ab08e82e18f9ab1?s=96&d=mm&r=g\",\"contentUrl\":\"https:\/\/secure.gravatar.com\/avatar\/f7a5868e5bab01769ba9e8d575a8e64c7b2565c93e480cff0ab08e82e18f9ab1?s=96&d=mm&r=g\",\"caption\":\"nyala\"}}]}<\/script>\n<!-- \/ Yoast SEO plugin. -->","yoast_head_json":{"title":"Cr\u00e9ez votre propre parfum : voyagez \u00e0 travers les parfums de l'Exp\u00e9rience de la Provence. | TOUR OPERATOR INCOMING LIGURIA COSTA AZZURRA PROVENZA PIEMONTE","description":"Un tour des senteurs et des couleurs des villages de la C\u00f4te d'Azur, qui sont devenus au fil des ans des sites du patrimoine mondial de l'UNESCO.","robots":{"index":"index","follow":"follow","max-snippet":"max-snippet:-1","max-image-preview":"max-image-preview:large","max-video-preview":"max-video-preview:-1"},"canonical":"https:\/\/nyalatravel.com\/fr\/creez-votre-propre-parfum-voyagez-a-travers-les-parfums-de-lexperience-de-la-provence\/","og_locale":"fr_FR","og_type":"article","og_title":"Cr\u00e9ez votre propre parfum : voyagez \u00e0 travers les parfums de l'Exp\u00e9rience de la Provence. | TOUR OPERATOR INCOMING LIGURIA COSTA AZZURRA PROVENZA PIEMONTE","og_description":"Un tour des senteurs et des couleurs des villages de la C\u00f4te d'Azur, qui sont devenus au fil des ans des sites du patrimoine mondial de l'UNESCO.","og_url":"https:\/\/nyalatravel.com\/fr\/creez-votre-propre-parfum-voyagez-a-travers-les-parfums-de-lexperience-de-la-provence\/","og_site_name":"TOUR OPERATOR INCOMING LIGURIA COSTA AZZURRA PROVENZA PIEMONTE","article_published_time":"2021-10-16T17:56:43+00:00","article_modified_time":"2024-07-25T11:43:25+00:00","og_image":[{"width":2560,"height":1707,"url":"https:\/\/nyalatravel.com\/wp-content\/uploads\/2020\/11\/crea-profumo-scaled.jpg","type":"image\/jpeg"}],"author":"nyala","twitter_misc":{"\u00c9crit par":"nyala","Dur\u00e9e de lecture estim\u00e9e":"3 minutes"},"schema":{"@context":"https:\/\/schema.org","@graph":[{"@type":"WebPage","@id":"https:\/\/nyalatravel.com\/fr\/creez-votre-propre-parfum-voyagez-a-travers-les-parfums-de-lexperience-de-la-provence\/","url":"https:\/\/nyalatravel.com\/fr\/creez-votre-propre-parfum-voyagez-a-travers-les-parfums-de-lexperience-de-la-provence\/","name":"Cr\u00e9ez votre propre parfum : voyagez \u00e0 travers les parfums de l'Exp\u00e9rience de la Provence. | TOUR OPERATOR INCOMING LIGURIA COSTA AZZURRA PROVENZA PIEMONTE","isPartOf":{"@id":"https:\/\/nyalatravel.com\/fr\/#website"},"primaryImageOfPage":{"@id":"https:\/\/nyalatravel.com\/fr\/creez-votre-propre-parfum-voyagez-a-travers-les-parfums-de-lexperience-de-la-provence\/#primaryimage"},"image":{"@id":"https:\/\/nyalatravel.com\/fr\/creez-votre-propre-parfum-voyagez-a-travers-les-parfums-de-lexperience-de-la-provence\/#primaryimage"},"thumbnailUrl":"https:\/\/nyalatravel.com\/wp-content\/uploads\/2020\/11\/crea-profumo-scaled.jpg","datePublished":"2021-10-16T17:56:43+00:00","dateModified":"2024-07-25T11:43:25+00:00","author":{"@id":"https:\/\/nyalatravel.com\/fr\/#\/schema\/person\/1656f6d442b2c1139ca48a1cce656e7c"},"description":"Un tour des senteurs et des couleurs des villages de la C\u00f4te d'Azur, qui sont devenus au fil des ans des sites du patrimoine mondial de l'UNESCO.","breadcrumb":{"@id":"https:\/\/nyalatravel.com\/fr\/creez-votre-propre-parfum-voyagez-a-travers-les-parfums-de-lexperience-de-la-provence\/#breadcrumb"},"inLanguage":"fr-FR","potentialAction":[{"@type":"ReadAction","target":["https:\/\/nyalatravel.com\/fr\/creez-votre-propre-parfum-voyagez-a-travers-les-parfums-de-lexperience-de-la-provence\/"]}]},{"@type":"ImageObject","inLanguage":"fr-FR","@id":"https:\/\/nyalatravel.com\/fr\/creez-votre-propre-parfum-voyagez-a-travers-les-parfums-de-lexperience-de-la-provence\/#primaryimage","url":"https:\/\/nyalatravel.com\/wp-content\/uploads\/2020\/11\/crea-profumo-scaled.jpg","contentUrl":"https:\/\/nyalatravel.com\/wp-content\/uploads\/2020\/11\/crea-profumo-scaled.jpg","width":2560,"height":1707},{"@type":"BreadcrumbList","@id":"https:\/\/nyalatravel.com\/fr\/creez-votre-propre-parfum-voyagez-a-travers-les-parfums-de-lexperience-de-la-provence\/#breadcrumb","itemListElement":[{"@type":"ListItem","position":1,"name":"Home","item":"https:\/\/nyalatravel.com\/fr\/"},{"@type":"ListItem","position":2,"name":"Cr\u00e9ez votre propre parfum : voyagez \u00e0 travers les parfums de l&#8217;Exp\u00e9rience de la Provence."}]},{"@type":"WebSite","@id":"https:\/\/nyalatravel.com\/fr\/#website","url":"https:\/\/nyalatravel.com\/fr\/","name":"TOUR OPERATOR INCOMING LIGURIA COSTA AZZURRA PROVENZA PIEMONTE","description":"Nyala Wonder Travel D.M.C. Sanremo","potentialAction":[{"@type":"SearchAction","target":{"@type":"EntryPoint","urlTemplate":"https:\/\/nyalatravel.com\/fr\/?s={search_term_string}"},"query-input":{"@type":"PropertyValueSpecification","valueRequired":true,"valueName":"search_term_string"}}],"inLanguage":"fr-FR"},{"@type":"Person","@id":"https:\/\/nyalatravel.com\/fr\/#\/schema\/person\/1656f6d442b2c1139ca48a1cce656e7c","name":"nyala","image":{"@type":"ImageObject","inLanguage":"fr-FR","@id":"https:\/\/nyalatravel.com\/fr\/#\/schema\/person\/image\/","url":"https:\/\/secure.gravatar.com\/avatar\/f7a5868e5bab01769ba9e8d575a8e64c7b2565c93e480cff0ab08e82e18f9ab1?s=96&d=mm&r=g","contentUrl":"https:\/\/secure.gravatar.com\/avatar\/f7a5868e5bab01769ba9e8d575a8e64c7b2565c93e480cff0ab08e82e18f9ab1?s=96&d=mm&r=g","caption":"nyala"}}]}},"_links":{"self":[{"href":"https:\/\/nyalatravel.com\/fr\/wp-json\/wp\/v2\/posts\/11252","targetHints":{"allow":["GET"]}}],"collection":[{"href":"https:\/\/nyalatravel.com\/fr\/wp-json\/wp\/v2\/posts"}],"about":[{"href":"https:\/\/nyalatravel.com\/fr\/wp-json\/wp\/v2\/types\/post"}],"author":[{"embeddable":true,"href":"https:\/\/nyalatravel.com\/fr\/wp-json\/wp\/v2\/users\/1"}],"replies":[{"embeddable":true,"href":"https:\/\/nyalatravel.com\/fr\/wp-json\/wp\/v2\/comments?post=11252"}],"version-history":[{"count":4,"href":"https:\/\/nyalatravel.com\/fr\/wp-json\/wp\/v2\/posts\/11252\/revisions"}],"predecessor-version":[{"id":13232,"href":"https:\/\/nyalatravel.com\/fr\/wp-json\/wp\/v2\/posts\/11252\/revisions\/13232"}],"wp:featuredmedia":[{"embeddable":true,"href":"https:\/\/nyalatravel.com\/fr\/wp-json\/wp\/v2\/media\/9121"}],"wp:attachment":[{"href":"https:\/\/nyalatravel.com\/fr\/wp-json\/wp\/v2\/media?parent=11252"}],"wp:term":[{"taxonomy":"category","embeddable":true,"href":"https:\/\/nyalatravel.com\/fr\/wp-json\/wp\/v2\/categories?post=11252"},{"taxonomy":"post_tag","embeddable":true,"href":"https:\/\/nyalatravel.com\/fr\/wp-json\/wp\/v2\/tags?post=11252"}],"curies":[{"name":"wp","href":"https:\/\/api.w.org\/{rel}","templated":true}]}}