{"id":1531,"date":"2011-12-03T11:37:17","date_gmt":"2011-12-03T11:37:17","guid":{"rendered":"http:\/\/www.nyalatravel.com\/wordpress\/?p=1531"},"modified":"2024-08-01T07:51:54","modified_gmt":"2024-08-01T07:51:54","slug":"die-garten-der-cote-dazur","status":"publish","type":"post","link":"https:\/\/nyalatravel.com\/de\/die-garten-der-cote-dazur\/","title":{"rendered":"Die G\u00e4rten der C\u00f4te d&#8217;Azur"},"content":{"rendered":"<p>[et_pb_section fb_built=&#8220;1&#8243; _builder_version=&#8220;3.22&#8243; global_colors_info=&#8220;{}&#8220;][et_pb_row _builder_version=&#8220;3.25&#8243; background_size=&#8220;initial&#8220; background_position=&#8220;top_left&#8220; background_repeat=&#8220;repeat&#8220; global_colors_info=&#8220;{}&#8220;][et_pb_column type=&#8220;4_4&#8243; _builder_version=&#8220;3.25&#8243; custom_padding=&#8220;|||&#8220; global_colors_info=&#8220;{}&#8220; custom_padding__hover=&#8220;|||&#8220;][et_pb_text _builder_version=&#8220;4.11.2&#8243; background_size=&#8220;initial&#8220; background_position=&#8220;top_left&#8220; background_repeat=&#8220;repeat&#8220; hover_enabled=&#8220;0&#8243; global_colors_info=&#8220;{}&#8220; sticky_enabled=&#8220;0&#8243;]<\/p>\n<h4>Ein Tag zur Entdeckung der Natursch\u00e4tze der kosmopolitischen franz\u00f6sischen Riviera, mit einem Besuch der ber\u00fchmten botanischen G\u00e4rten der C\u00f4te d&#8217;Azur.<\/h4>\n<p>[\/et_pb_text][\/et_pb_column][\/et_pb_row][et_pb_row column_structure=&#8220;1_3,1_3,1_3&#8243; _builder_version=&#8220;3.29.3&#8243; width=&#8220;63.3%&#8220; custom_margin=&#8220;-1px|auto||auto||&#8220; global_colors_info=&#8220;{}&#8220;][et_pb_column type=&#8220;1_3&#8243; _builder_version=&#8220;3.29.3&#8243; global_colors_info=&#8220;{}&#8220;][et_pb_blurb title=&#8220;Mentone Cap Martin Monaco&#8220; use_icon=&#8220;on&#8220; font_icon=&#8220;%%122%%&#8220; icon_placement=&#8220;left&#8220; _builder_version=&#8220;3.29.3&#8243; global_colors_info=&#8220;{}&#8220;][\/et_pb_blurb][\/et_pb_column][et_pb_column type=&#8220;1_3&#8243; _builder_version=&#8220;3.29.3&#8243; global_colors_info=&#8220;{}&#8220;][et_pb_blurb title=&#8220;Cote d&#8217;Azur&#8220; use_icon=&#8220;on&#8220; font_icon=&#8220;%%122%%&#8220; icon_placement=&#8220;left&#8220; _builder_version=&#8220;3.29.3&#8243; global_colors_info=&#8220;{}&#8220;][\/et_pb_blurb][\/et_pb_column][et_pb_column type=&#8220;1_3&#8243; _builder_version=&#8220;3.29.3&#8243; global_colors_info=&#8220;{}&#8220;][et_pb_blurb title=&#8220;Frankreich Monaco&#8220; use_icon=&#8220;on&#8220; font_icon=&#8220;%%122%%&#8220; icon_placement=&#8220;left&#8220; _builder_version=&#8220;3.29.3&#8243; global_colors_info=&#8220;{}&#8220;][\/et_pb_blurb][\/et_pb_column][\/et_pb_row][et_pb_row column_structure=&#8220;1_2,1_2&#8243; _builder_version=&#8220;3.29.3&#8243; background_color=&#8220;#d6d6d6&#8243; custom_padding=&#8220;10px|5px|10px|5px|false|false&#8220; global_colors_info=&#8220;{}&#8220;][et_pb_column type=&#8220;1_2&#8243; _builder_version=&#8220;3.29.3&#8243; global_colors_info=&#8220;{}&#8220;][et_pb_text _builder_version=&#8220;3.29.3&#8243; text_text_color=&#8220;#0c71c3&#8243; background_size=&#8220;initial&#8220; background_position=&#8220;top_left&#8220; background_repeat=&#8220;repeat&#8220; hover_enabled=&#8220;0&#8243; global_colors_info=&#8220;{}&#8220; sticky_enabled=&#8220;0&#8243;]<\/p>\n<p>Am Morgen Transfer nach Menton und Besuch des Val Rahmeh Gartens: Er wurde 1905 von Lord Radcliffe angelegt und dient heute als Mittelmeer-Observatorium f\u00fcr das franz\u00f6sische Nationalmuseum f\u00fcr Naturgeschichte und beherbergt eine au\u00dfergew\u00f6hnliche Sammlung exotischer Pflanzen.<\/p>\n<p>Anschlie\u00dfend k\u00f6nnen Sie von Cap Martin aus einen der malerischsten und unber\u00fchrtesten Abschnitte der C\u00f4te d&#8217;Azur entlang eines K\u00fcstenpfades bis zum F\u00fcrstentum Monaco zu Fu\u00df erkunden.<\/p>\n<p>[\/et_pb_text][\/et_pb_column][et_pb_column type=&#8220;1_2&#8243; _builder_version=&#8220;3.29.3&#8243; global_colors_info=&#8220;{}&#8220;][et_pb_text _builder_version=&#8220;3.29.3&#8243; text_text_color=&#8220;#0c71c3&#8243; background_size=&#8220;initial&#8220; background_position=&#8220;top_left&#8220; background_repeat=&#8220;repeat&#8220; global_colors_info=&#8220;{}&#8220;]<\/p>\n<p>Am Nachmittag Besuch des Exotischen Gartens von Monte Carlo: Pr\u00e4chtig entlang eines Felsgrats angelegt, der das Meer \u00fcberblickt und einen atemberaubenden Ausblick bietet. Tausende von Kakteen und anderen Sukkulenten gedeihen in diesem au\u00dfergew\u00f6hnlichen Klima, das es ihnen erm\u00f6glicht, gigantische Gr\u00f6\u00dfen zu erreichen, die mit denen in ihren Herkunftsl\u00e4ndern vergleichbar sind.<\/p>\n<p>[\/et_pb_text][\/et_pb_column][\/et_pb_row][et_pb_row column_structure=&#8220;1_2,1_2&#8243; _builder_version=&#8220;3.29.3&#8243; global_colors_info=&#8220;{}&#8220;][et_pb_column type=&#8220;1_2&#8243; _builder_version=&#8220;3.29.3&#8243; global_colors_info=&#8220;{}&#8220;][et_pb_text _builder_version=&#8220;4.11.2&#8243; background_size=&#8220;initial&#8220; background_position=&#8220;top_left&#8220; background_repeat=&#8220;repeat&#8220; hover_enabled=&#8220;0&#8243; global_colors_info=&#8220;{}&#8220; sticky_enabled=&#8220;0&#8243;]<\/p>\n<p>\u00c0-la-carte-Services:<\/p>\n<ul>\n<li>R\u00fccktransfer<\/li>\n<li>Autorisierter Reiseleiter f\u00fcr den Tag in der von Ihnen gew\u00e4hlten Sprache verf\u00fcgbar<\/li>\n<li>Besuch der im Programm angegebenen Produzenten<\/li>\n<li>Verkostung der im Programm angegebenen Produkte<\/li>\n<li>des Mittagessen in einem typischen lokalen Restaurant, um die Spezialit\u00e4ten der piemontesischen K\u00fcche zu genie\u00dfen<\/li>\n<\/ul>\n<p>[\/et_pb_text][\/et_pb_column][et_pb_column type=&#8220;1_2&#8243; _builder_version=&#8220;3.29.3&#8243; global_colors_info=&#8220;{}&#8220;][\/et_pb_column][\/et_pb_row][et_pb_row _builder_version=&#8220;3.29.3&#8243; global_module=&#8220;8401&#8243; global_colors_info=&#8220;{}&#8220;][et_pb_column type=&#8220;4_4&#8243; _builder_version=&#8220;3.29.3&#8243; global_colors_info=&#8220;{}&#8220;][et_pb_button button_url=&#8220;https:\/\/nyalatravel.com\/de\/kontakt\/&#8220; button_text=&#8220;Fordern sie ein unverbindliches angebot an&#8220; button_alignment=&#8220;center&#8220; _builder_version=&#8220;3.29.3&#8243; custom_button=&#8220;on&#8220; button_bg_color=&#8220;#353535&#8243; background_layout=&#8220;dark&#8220; global_colors_info=&#8220;{}&#8220;][\/et_pb_button][\/et_pb_column][\/et_pb_row][\/et_pb_section]<\/p>\n","protected":false},"excerpt":{"rendered":"<p>Ein Tag zum Entdecken der nat\u00fcrlichen Sch\u00e4tze der kosmopolitischen franz\u00f6sischen K\u00fcste<\/p>\n","protected":false},"author":1,"featured_media":8146,"comment_status":"closed","ping_status":"open","sticky":false,"template":"","format":"standard","meta":{"_acf_changed":false,"_et_pb_use_builder":"on","_et_pb_old_content":"","_et_gb_content_width":"","footnotes":""},"categories":[287],"tags":[230,259,234,248,250],"class_list":["post-1531","post","type-post","status-publish","format-standard","has-post-thumbnail","hentry","category-blumengaerten","tag-ausfluege","tag-blumenriviera","tag-franzoesische-riviera","tag-menton-3","tag-monaco-monte-carlo-3"],"acf":[],"yoast_head":"<!-- This site is optimized with the Yoast SEO plugin v25.9 - https:\/\/yoast.com\/wordpress\/plugins\/seo\/ -->\n<title>Die G\u00e4rten der C\u00f4te d&#039;Azur | TOUR OPERATOR INCOMING LIGURIA COSTA AZZURRA PROVENZA PIEMONTE<\/title>\n<meta name=\"description\" content=\"NYALA WONDER TRAVEL ein Tour Operator der auf Ligurien, die Heidegegend Piemonts und Cote d&#039;Azur spezialisiert ist.\" \/>\n<meta name=\"robots\" content=\"index, follow, max-snippet:-1, max-image-preview:large, max-video-preview:-1\" \/>\n<link rel=\"canonical\" href=\"https:\/\/nyalatravel.com\/de\/die-garten-der-cote-dazur\/\" \/>\n<meta property=\"og:locale\" content=\"de_DE\" \/>\n<meta property=\"og:type\" content=\"article\" \/>\n<meta property=\"og:title\" content=\"Die G\u00e4rten der C\u00f4te d&#039;Azur | TOUR OPERATOR INCOMING LIGURIA COSTA AZZURRA PROVENZA PIEMONTE\" \/>\n<meta property=\"og:description\" content=\"NYALA WONDER TRAVEL ein Tour Operator der auf Ligurien, die Heidegegend Piemonts und Cote d&#039;Azur spezialisiert ist.\" \/>\n<meta property=\"og:url\" content=\"https:\/\/nyalatravel.com\/de\/die-garten-der-cote-dazur\/\" \/>\n<meta property=\"og:site_name\" content=\"TOUR OPERATOR INCOMING LIGURIA COSTA AZZURRA PROVENZA PIEMONTE\" \/>\n<meta property=\"article:published_time\" content=\"2011-12-03T11:37:17+00:00\" \/>\n<meta property=\"article:modified_time\" content=\"2024-08-01T07:51:54+00:00\" \/>\n<meta property=\"og:image\" content=\"https:\/\/nyalatravel.com\/wp-content\/uploads\/2011\/11\/montecarlo-640881_1920.jpg\" \/>\n\t<meta property=\"og:image:width\" content=\"1920\" \/>\n\t<meta property=\"og:image:height\" content=\"1275\" \/>\n\t<meta property=\"og:image:type\" content=\"image\/jpeg\" \/>\n<meta name=\"author\" content=\"nyala\" \/>\n<meta name=\"twitter:label1\" content=\"Verfasst von\" \/>\n\t<meta name=\"twitter:data1\" content=\"nyala\" \/>\n\t<meta name=\"twitter:label2\" content=\"Gesch\u00e4tzte Lesezeit\" \/>\n\t<meta name=\"twitter:data2\" content=\"3\u00a0Minuten\" \/>\n<script type=\"application\/ld+json\" class=\"yoast-schema-graph\">{\"@context\":\"https:\/\/schema.org\",\"@graph\":[{\"@type\":\"WebPage\",\"@id\":\"https:\/\/nyalatravel.com\/de\/die-garten-der-cote-dazur\/\",\"url\":\"https:\/\/nyalatravel.com\/de\/die-garten-der-cote-dazur\/\",\"name\":\"Die G\u00e4rten der C\u00f4te d'Azur | TOUR OPERATOR INCOMING LIGURIA COSTA AZZURRA PROVENZA PIEMONTE\",\"isPartOf\":{\"@id\":\"https:\/\/nyalatravel.com\/de\/#website\"},\"primaryImageOfPage\":{\"@id\":\"https:\/\/nyalatravel.com\/de\/die-garten-der-cote-dazur\/#primaryimage\"},\"image\":{\"@id\":\"https:\/\/nyalatravel.com\/de\/die-garten-der-cote-dazur\/#primaryimage\"},\"thumbnailUrl\":\"https:\/\/nyalatravel.com\/wp-content\/uploads\/2011\/11\/montecarlo-640881_1920.jpg\",\"datePublished\":\"2011-12-03T11:37:17+00:00\",\"dateModified\":\"2024-08-01T07:51:54+00:00\",\"author\":{\"@id\":\"https:\/\/nyalatravel.com\/de\/#\/schema\/person\/1656f6d442b2c1139ca48a1cce656e7c\"},\"description\":\"NYALA WONDER TRAVEL ein Tour Operator der auf Ligurien, die Heidegegend Piemonts und Cote d'Azur spezialisiert ist.\",\"breadcrumb\":{\"@id\":\"https:\/\/nyalatravel.com\/de\/die-garten-der-cote-dazur\/#breadcrumb\"},\"inLanguage\":\"de\",\"potentialAction\":[{\"@type\":\"ReadAction\",\"target\":[\"https:\/\/nyalatravel.com\/de\/die-garten-der-cote-dazur\/\"]}]},{\"@type\":\"ImageObject\",\"inLanguage\":\"de\",\"@id\":\"https:\/\/nyalatravel.com\/de\/die-garten-der-cote-dazur\/#primaryimage\",\"url\":\"https:\/\/nyalatravel.com\/wp-content\/uploads\/2011\/11\/montecarlo-640881_1920.jpg\",\"contentUrl\":\"https:\/\/nyalatravel.com\/wp-content\/uploads\/2011\/11\/montecarlo-640881_1920.jpg\",\"width\":1920,\"height\":1275},{\"@type\":\"BreadcrumbList\",\"@id\":\"https:\/\/nyalatravel.com\/de\/die-garten-der-cote-dazur\/#breadcrumb\",\"itemListElement\":[{\"@type\":\"ListItem\",\"position\":1,\"name\":\"Home\",\"item\":\"https:\/\/nyalatravel.com\/de\/\"},{\"@type\":\"ListItem\",\"position\":2,\"name\":\"Die G\u00e4rten der C\u00f4te d&#8217;Azur\"}]},{\"@type\":\"WebSite\",\"@id\":\"https:\/\/nyalatravel.com\/de\/#website\",\"url\":\"https:\/\/nyalatravel.com\/de\/\",\"name\":\"TOUR OPERATOR INCOMING LIGURIA COSTA AZZURRA PROVENZA PIEMONTE\",\"description\":\"Nyala Wonder Travel D.M.C. Sanremo\",\"potentialAction\":[{\"@type\":\"SearchAction\",\"target\":{\"@type\":\"EntryPoint\",\"urlTemplate\":\"https:\/\/nyalatravel.com\/de\/?s={search_term_string}\"},\"query-input\":{\"@type\":\"PropertyValueSpecification\",\"valueRequired\":true,\"valueName\":\"search_term_string\"}}],\"inLanguage\":\"de\"},{\"@type\":\"Person\",\"@id\":\"https:\/\/nyalatravel.com\/de\/#\/schema\/person\/1656f6d442b2c1139ca48a1cce656e7c\",\"name\":\"nyala\",\"image\":{\"@type\":\"ImageObject\",\"inLanguage\":\"de\",\"@id\":\"https:\/\/nyalatravel.com\/de\/#\/schema\/person\/image\/\",\"url\":\"https:\/\/secure.gravatar.com\/avatar\/f7a5868e5bab01769ba9e8d575a8e64c7b2565c93e480cff0ab08e82e18f9ab1?s=96&d=mm&r=g\",\"contentUrl\":\"https:\/\/secure.gravatar.com\/avatar\/f7a5868e5bab01769ba9e8d575a8e64c7b2565c93e480cff0ab08e82e18f9ab1?s=96&d=mm&r=g\",\"caption\":\"nyala\"}}]}<\/script>\n<!-- \/ Yoast SEO plugin. -->","yoast_head_json":{"title":"Die G\u00e4rten der C\u00f4te d'Azur | TOUR OPERATOR INCOMING LIGURIA COSTA AZZURRA PROVENZA PIEMONTE","description":"NYALA WONDER TRAVEL ein Tour Operator der auf Ligurien, die Heidegegend Piemonts und Cote d'Azur spezialisiert ist.","robots":{"index":"index","follow":"follow","max-snippet":"max-snippet:-1","max-image-preview":"max-image-preview:large","max-video-preview":"max-video-preview:-1"},"canonical":"https:\/\/nyalatravel.com\/de\/die-garten-der-cote-dazur\/","og_locale":"de_DE","og_type":"article","og_title":"Die G\u00e4rten der C\u00f4te d'Azur | TOUR OPERATOR INCOMING LIGURIA COSTA AZZURRA PROVENZA PIEMONTE","og_description":"NYALA WONDER TRAVEL ein Tour Operator der auf Ligurien, die Heidegegend Piemonts und Cote d'Azur spezialisiert ist.","og_url":"https:\/\/nyalatravel.com\/de\/die-garten-der-cote-dazur\/","og_site_name":"TOUR OPERATOR INCOMING LIGURIA COSTA AZZURRA PROVENZA PIEMONTE","article_published_time":"2011-12-03T11:37:17+00:00","article_modified_time":"2024-08-01T07:51:54+00:00","og_image":[{"width":1920,"height":1275,"url":"https:\/\/nyalatravel.com\/wp-content\/uploads\/2011\/11\/montecarlo-640881_1920.jpg","type":"image\/jpeg"}],"author":"nyala","twitter_misc":{"Verfasst von":"nyala","Gesch\u00e4tzte Lesezeit":"3\u00a0Minuten"},"schema":{"@context":"https:\/\/schema.org","@graph":[{"@type":"WebPage","@id":"https:\/\/nyalatravel.com\/de\/die-garten-der-cote-dazur\/","url":"https:\/\/nyalatravel.com\/de\/die-garten-der-cote-dazur\/","name":"Die G\u00e4rten der C\u00f4te d'Azur | TOUR OPERATOR INCOMING LIGURIA COSTA AZZURRA PROVENZA PIEMONTE","isPartOf":{"@id":"https:\/\/nyalatravel.com\/de\/#website"},"primaryImageOfPage":{"@id":"https:\/\/nyalatravel.com\/de\/die-garten-der-cote-dazur\/#primaryimage"},"image":{"@id":"https:\/\/nyalatravel.com\/de\/die-garten-der-cote-dazur\/#primaryimage"},"thumbnailUrl":"https:\/\/nyalatravel.com\/wp-content\/uploads\/2011\/11\/montecarlo-640881_1920.jpg","datePublished":"2011-12-03T11:37:17+00:00","dateModified":"2024-08-01T07:51:54+00:00","author":{"@id":"https:\/\/nyalatravel.com\/de\/#\/schema\/person\/1656f6d442b2c1139ca48a1cce656e7c"},"description":"NYALA WONDER TRAVEL ein Tour Operator der auf Ligurien, die Heidegegend Piemonts und Cote d'Azur spezialisiert ist.","breadcrumb":{"@id":"https:\/\/nyalatravel.com\/de\/die-garten-der-cote-dazur\/#breadcrumb"},"inLanguage":"de","potentialAction":[{"@type":"ReadAction","target":["https:\/\/nyalatravel.com\/de\/die-garten-der-cote-dazur\/"]}]},{"@type":"ImageObject","inLanguage":"de","@id":"https:\/\/nyalatravel.com\/de\/die-garten-der-cote-dazur\/#primaryimage","url":"https:\/\/nyalatravel.com\/wp-content\/uploads\/2011\/11\/montecarlo-640881_1920.jpg","contentUrl":"https:\/\/nyalatravel.com\/wp-content\/uploads\/2011\/11\/montecarlo-640881_1920.jpg","width":1920,"height":1275},{"@type":"BreadcrumbList","@id":"https:\/\/nyalatravel.com\/de\/die-garten-der-cote-dazur\/#breadcrumb","itemListElement":[{"@type":"ListItem","position":1,"name":"Home","item":"https:\/\/nyalatravel.com\/de\/"},{"@type":"ListItem","position":2,"name":"Die G\u00e4rten der C\u00f4te d&#8217;Azur"}]},{"@type":"WebSite","@id":"https:\/\/nyalatravel.com\/de\/#website","url":"https:\/\/nyalatravel.com\/de\/","name":"TOUR OPERATOR INCOMING LIGURIA COSTA AZZURRA PROVENZA PIEMONTE","description":"Nyala Wonder Travel D.M.C. Sanremo","potentialAction":[{"@type":"SearchAction","target":{"@type":"EntryPoint","urlTemplate":"https:\/\/nyalatravel.com\/de\/?s={search_term_string}"},"query-input":{"@type":"PropertyValueSpecification","valueRequired":true,"valueName":"search_term_string"}}],"inLanguage":"de"},{"@type":"Person","@id":"https:\/\/nyalatravel.com\/de\/#\/schema\/person\/1656f6d442b2c1139ca48a1cce656e7c","name":"nyala","image":{"@type":"ImageObject","inLanguage":"de","@id":"https:\/\/nyalatravel.com\/de\/#\/schema\/person\/image\/","url":"https:\/\/secure.gravatar.com\/avatar\/f7a5868e5bab01769ba9e8d575a8e64c7b2565c93e480cff0ab08e82e18f9ab1?s=96&d=mm&r=g","contentUrl":"https:\/\/secure.gravatar.com\/avatar\/f7a5868e5bab01769ba9e8d575a8e64c7b2565c93e480cff0ab08e82e18f9ab1?s=96&d=mm&r=g","caption":"nyala"}}]}},"_links":{"self":[{"href":"https:\/\/nyalatravel.com\/de\/wp-json\/wp\/v2\/posts\/1531","targetHints":{"allow":["GET"]}}],"collection":[{"href":"https:\/\/nyalatravel.com\/de\/wp-json\/wp\/v2\/posts"}],"about":[{"href":"https:\/\/nyalatravel.com\/de\/wp-json\/wp\/v2\/types\/post"}],"author":[{"embeddable":true,"href":"https:\/\/nyalatravel.com\/de\/wp-json\/wp\/v2\/users\/1"}],"replies":[{"embeddable":true,"href":"https:\/\/nyalatravel.com\/de\/wp-json\/wp\/v2\/comments?post=1531"}],"version-history":[{"count":10,"href":"https:\/\/nyalatravel.com\/de\/wp-json\/wp\/v2\/posts\/1531\/revisions"}],"predecessor-version":[{"id":13698,"href":"https:\/\/nyalatravel.com\/de\/wp-json\/wp\/v2\/posts\/1531\/revisions\/13698"}],"wp:featuredmedia":[{"embeddable":true,"href":"https:\/\/nyalatravel.com\/de\/wp-json\/wp\/v2\/media\/8146"}],"wp:attachment":[{"href":"https:\/\/nyalatravel.com\/de\/wp-json\/wp\/v2\/media?parent=1531"}],"wp:term":[{"taxonomy":"category","embeddable":true,"href":"https:\/\/nyalatravel.com\/de\/wp-json\/wp\/v2\/categories?post=1531"},{"taxonomy":"post_tag","embeddable":true,"href":"https:\/\/nyalatravel.com\/de\/wp-json\/wp\/v2\/tags?post=1531"}],"curies":[{"name":"wp","href":"https:\/\/api.w.org\/{rel}","templated":true}]}}