{"id":13396,"date":"2024-07-29T10:58:18","date_gmt":"2024-07-29T10:58:18","guid":{"rendered":"https:\/\/nyalatravel.com\/wochenende-der-tradition-die-candelora-messe\/"},"modified":"2024-08-16T09:05:49","modified_gmt":"2024-08-16T09:05:49","slug":"wochenende-der-tradition-die-candelora-messe","status":"publish","type":"post","link":"https:\/\/nyalatravel.com\/de\/wochenende-der-tradition-die-candelora-messe\/","title":{"rendered":"Wochenende der Tradition: Die Candelora-Messe"},"content":{"rendered":"<p>[et_pb_section fb_built=&#8220;1&#8243; _builder_version=&#8220;4.16&#8243; global_colors_info=&#8220;{}&#8220;][et_pb_row _builder_version=&#8220;4.16&#8243; background_size=&#8220;initial&#8220; background_position=&#8220;top_left&#8220; background_repeat=&#8220;repeat&#8220; global_colors_info=&#8220;{}&#8220;][et_pb_column type=&#8220;4_4&#8243; _builder_version=&#8220;4.16&#8243; custom_padding=&#8220;|||&#8220; global_colors_info=&#8220;{}&#8220; custom_padding__hover=&#8220;|||&#8220;][et_pb_text _builder_version=&#8220;4.16&#8243; background_size=&#8220;initial&#8220; background_position=&#8220;top_left&#8220; background_repeat=&#8220;repeat&#8220; global_colors_info=&#8220;{}&#8220;]<\/p>\n<h3>Wir freuen uns, Sie zur ber\u00fchmten Candelora-Messe einzuladen, die seit \u00fcber 300 Jahren in der Umgebung des Santuario della Rovere in der Gemeinde San Bartolomeo al Mare stattfindet.<\/h3>\n<p>[\/et_pb_text][\/et_pb_column][\/et_pb_row][et_pb_row column_structure=&#8220;1_3,1_3,1_3&#8243; _builder_version=&#8220;4.16&#8243; width=&#8220;63.3%&#8220; custom_margin=&#8220;-1px|auto||auto||&#8220; global_colors_info=&#8220;{}&#8220;][et_pb_column type=&#8220;1_3&#8243; _builder_version=&#8220;4.16&#8243; global_colors_info=&#8220;{}&#8220;][et_pb_blurb title=&#8220;San Bartolomeo al mare, Dolceacqua, La Mortola&#8220; use_icon=&#8220;on&#8220; font_icon=&#8220;&#xe01d;||divi||400&#8243; icon_placement=&#8220;left&#8220; _builder_version=&#8220;4.16&#8243; global_colors_info=&#8220;{}&#8220;][\/et_pb_blurb][\/et_pb_column][et_pb_column type=&#8220;1_3&#8243; _builder_version=&#8220;4.16&#8243; global_colors_info=&#8220;{}&#8220;][et_pb_blurb title=&#8220;Blumenriviera&#8220; use_icon=&#8220;on&#8220; font_icon=&#8220;&#xe01d;||divi||400&#8243; icon_placement=&#8220;left&#8220; _builder_version=&#8220;4.16&#8243; global_colors_info=&#8220;{}&#8220;][\/et_pb_blurb][\/et_pb_column][et_pb_column type=&#8220;1_3&#8243; _builder_version=&#8220;4.16&#8243; global_colors_info=&#8220;{}&#8220;][et_pb_blurb title=&#8220;Liguria&#8220; use_icon=&#8220;on&#8220; font_icon=&#8220;&#xe01d;||divi||400&#8243; icon_placement=&#8220;left&#8220; _builder_version=&#8220;4.16&#8243; global_colors_info=&#8220;{}&#8220;][\/et_pb_blurb][\/et_pb_column][\/et_pb_row][et_pb_row _builder_version=&#8220;4.16&#8243; _module_preset=&#8220;default&#8220; background_color=&#8220;#f2f2f2&#8243; custom_margin=&#8220;||70px||false|false&#8220; custom_padding=&#8220;|20px||20px|false|false&#8220; border_radii=&#8220;on|10px|10px|10px|10px&#8220; global_colors_info=&#8220;{}&#8220;][et_pb_column type=&#8220;4_4&#8243; _builder_version=&#8220;4.16&#8243; _module_preset=&#8220;default&#8220; global_colors_info=&#8220;{}&#8220;][et_pb_text _builder_version=&#8220;4.16&#8243; _module_preset=&#8220;default&#8220; global_colors_info=&#8220;{}&#8220;]<\/p>\n<h4>Die Candelora-Messe ist die \u00e4lteste traditionelle Veranstaltung in Ligurien: historisch mit dem Beginn der Landwirtschaftssaison verbunden, beh\u00e4lt sie noch heute ihr urspr\u00fcngliches Konzept bei und widmet gro\u00dfen Raum dem Verkauf von landwirtschaftlichen Werkzeugen, Nutz- und Haustieren, Samen. In den letzten Jahren hat die Messe, neben ihrer urspr\u00fcnglichen Struktur, St\u00e4nde von Stra\u00dfenh\u00e4ndlern, Themenbereiche, Veranstaltungen und Attraktionen f\u00fcr Gro\u00df und Klein integriert.<\/h4>\n<p>[\/et_pb_text][\/et_pb_column][\/et_pb_row][et_pb_row _builder_version=&#8220;4.16&#8243; _module_preset=&#8220;default&#8220; background_color=&#8220;#333333&#8243; border_radii=&#8220;on|10px|10px|10px|10px&#8220; global_colors_info=&#8220;{}&#8220;][et_pb_column type=&#8220;4_4&#8243; _builder_version=&#8220;4.16&#8243; _module_preset=&#8220;default&#8220; global_colors_info=&#8220;{}&#8220;][et_pb_text _builder_version=&#8220;4.16&#8243; _module_preset=&#8220;default&#8220; text_text_color=&#8220;#FFFFFF&#8220; header_2_text_color=&#8220;#FFFFFF&#8220; global_colors_info=&#8220;{}&#8220;]<\/p>\n<h2 style=\"text-align: center;\"><strong>ERLEBNISPAKET<\/strong><\/h2>\n<p>[\/et_pb_text][et_pb_text _builder_version=&#8220;4.16&#8243; _module_preset=&#8220;default&#8220; text_text_color=&#8220;#FFFFFF&#8220; header_2_text_color=&#8220;#FFFFFF&#8220; global_colors_info=&#8220;{}&#8220;]<\/p>\n<h2 style=\"text-align: center;\"><em><strong>&#8222;Candelora-Messe<\/strong><strong>&#8222;<\/strong><\/em><\/h2>\n<p>[\/et_pb_text][et_pb_text _builder_version=&#8220;4.16&#8243; _module_preset=&#8220;default&#8220; header_2_text_color=&#8220;#FFFFFF&#8220; global_colors_info=&#8220;{}&#8220; background__hover_enabled=&#8220;on|hover&#8220; background_color__hover=&#8220;rgba(242,242,242,0.29)&#8220; background_enable_color__hover=&#8220;on&#8220;]<\/p>\n<h2 style=\"text-align: center;\"><strong>Tag 1: San Bartolomeo al Mare: Die Messe<\/strong><\/h2>\n<p>[\/et_pb_text][et_pb_text _builder_version=&#8220;4.16&#8243; _module_preset=&#8220;default&#8220; text_text_color=&#8220;#FFFFFF&#8220; custom_padding=&#8220;|20px||20px|false|false&#8220; global_colors_info=&#8220;{}&#8220;]<\/p>\n<p>Ankunft am sp\u00e4ten Vormittag in San Bartolomeo al Mare f\u00fcr den Besuch und die Teilnahme an der Veranstaltung, wo Sie sich in den f\u00fcnf verschiedenen Themenbereichen vergn\u00fcgen k\u00f6nnen. Die Messe beginnt mit traditionellen St\u00e4nden, gefolgt von landwirtschaftlichen und nat\u00fcrlichen Ausstellungen, kulinarischen K\u00f6stlichkeiten, Viehhaltung und endet mit St\u00e4nden zur Umweltbildung und p\u00e4dagogischen Bauernh\u00f6fen.<\/p>\n<p>Am sp\u00e4ten Nachmittag Check-in im ausgew\u00e4hlten Hotel, Abendessen und \u00dcbernachtung.<\/p>\n<p>[\/et_pb_text][et_pb_text _builder_version=&#8220;4.16&#8243; _module_preset=&#8220;default&#8220; header_2_text_color=&#8220;#FFFFFF&#8220; global_colors_info=&#8220;{}&#8220; background_color__hover=&#8220;rgba(242,242,242,0.29)&#8220; background__hover_enabled=&#8220;on|hover&#8220; background_enable_color__hover=&#8220;on&#8220;]<\/p>\n<h2 style=\"text-align: center;\"><strong>Tag 2: Das Herz Liguriens, das Hinterland<\/strong><\/h2>\n<p>[\/et_pb_text][et_pb_text _builder_version=&#8220;4.16&#8243; _module_preset=&#8220;default&#8220; text_text_color=&#8220;#FFFFFF&#8220; text_orientation=&#8220;center&#8220; custom_padding=&#8220;|20px||20px|false|false&#8220; global_colors_info=&#8220;{}&#8220;]<\/p>\n<p>Am Morgen empfehlen wir einen fantastischen Ausflug an die Riviera, erstes Ziel Dolceacqua, wo Sie in einer Renaissance-Umgebung im Schatten der eindrucksvollen Ruinen des Doria-Schlosses spazieren gehen und durch die kleinen Gassen der Altstadt schlendern k\u00f6nnen. Zur Mittagszeit Weinprobe und typische Produkte in einem der lokalen Weinkeller.<\/p>\n<p>Am Nachmittag Transfer zu den Hanbury-G\u00e4rten in La Mortola: ein exotisches Paradies von 18 Hektar, 1867 von Sir Thomas Hanbury geschaffen, der dort Arten aus aller Welt akklimatisierte, Ergebnis seiner zahlreichen Reisen.<\/p>\n<p>F\u00fcr Liebhaber ist es m\u00f6glich, auf Anfrage einen Oliven\u00f6l-Verkostungskurs zu buchen, der am ersten Tag stattfindet.<\/p>\n<p>[\/et_pb_text][\/et_pb_column][\/et_pb_row][et_pb_row _builder_version=&#8220;4.16&#8243; _module_preset=&#8220;default&#8220; background_color=&#8220;#f2f2f2&#8243; custom_margin=&#8220;50px||||false|false&#8220; custom_padding=&#8220;|20px||20px|false|false&#8220; border_radii=&#8220;on|10px|10px|10px|10px&#8220; global_colors_info=&#8220;{}&#8220;][et_pb_column type=&#8220;4_4&#8243; _builder_version=&#8220;4.16&#8243; _module_preset=&#8220;default&#8220; global_colors_info=&#8220;{}&#8220;][et_pb_text _builder_version=&#8220;4.16&#8243; _module_preset=&#8220;default&#8220; global_colors_info=&#8220;{}&#8220;]<\/p>\n<h2 style=\"text-align: center;\"><em><strong>Weitere Informationen zur Candelora-Messe<\/strong><\/em><\/h2>\n<p>[\/et_pb_text][et_pb_text _builder_version=&#8220;4.16&#8243; _module_preset=&#8220;default&#8220; global_colors_info=&#8220;{}&#8220;]<\/p>\n<p><span style=\"font-size: 12pt;\"><em><strong>Das Paket beinhaltet:<\/strong><\/em><\/span><\/p>\n<ul>\n<li><em>Unterkunft in einem unserer Hotels im Doppelzimmer<\/em><\/li>\n<li><em>Eine \u00dcbernachtung inklusive Fr\u00fchst\u00fcck<\/em><\/li>\n<li><em>Halbpension, Getr\u00e4nke inklusive<\/em><\/li>\n<li><em>Eintritt in das Doria-Schloss in Dolceacqua<\/em><\/li>\n<li><em>Eintritt in die botanischen Hanbury-G\u00e4rten<\/em><\/li>\n<li><em>Bildungs- und Bearbeitungsgeb\u00fchren<\/em><\/li>\n<li><em>Versicherung<\/em><\/li>\n<\/ul>\n<p>[\/et_pb_text][et_pb_text _builder_version=&#8220;4.16&#8243; _module_preset=&#8220;default&#8220; global_colors_info=&#8220;{}&#8220;]<\/p>\n<p><span style=\"font-size: 12pt;\"><em><strong>Das Paket beinhaltet nicht:<\/strong><\/em><\/span><\/p>\n<ul>\n<li><em>Mittag- und Abendessen sind je nach Tagesmen\u00fc oder vom K\u00fcchenchef vorgeschlagenem Degustationsmen\u00fc zu betrachten. Alle \u00e0-la-carte-Konsumationen sind vor Ort zu bezahlen.<\/em><\/li>\n<li><em>Die im Programm vorgeschlagenen Besichtigungen sind als frei zu betrachten, d. h. ohne Begleitung, au\u00dfer anders angegeben.<\/em><\/li>\n<\/ul>\n<p>[\/et_pb_text][\/et_pb_column][\/et_pb_row][et_pb_row _builder_version=&#8220;3.29.3&#8243; global_module=&#8220;8401&#8243; global_colors_info=&#8220;{}&#8220;][et_pb_column type=&#8220;4_4&#8243; _builder_version=&#8220;4.16&#8243; global_colors_info=&#8220;{}&#8220;][et_pb_button button_url=&#8220;https:\/\/nyalatravel.com\/de\/kontakt\/&#8220; button_text=&#8220;Fordern sie ein unverbindliches angebot an&#8220; button_alignment=&#8220;center&#8220; _builder_version=&#8220;4.16&#8243; custom_button=&#8220;on&#8220; button_bg_color=&#8220;#353535&#8243; background_layout=&#8220;dark&#8220; global_colors_info=&#8220;{}&#8220;][\/et_pb_button][\/et_pb_column][\/et_pb_row][\/et_pb_section]<\/p>\n","protected":false},"excerpt":{"rendered":"<p>Wir freuen uns, Sie zur ber\u00fchmten Candelora-Messe einzuladen, die seit \u00fcber 300 Jahren in der Umgebung des Santuario della Rovere in der Gemeinde San Bartolomeo al Mare stattfindet.<\/p>\n","protected":false},"author":1,"featured_media":10620,"comment_status":"closed","ping_status":"open","sticky":false,"template":"","format":"standard","meta":{"_acf_changed":false,"_et_pb_use_builder":"on","_et_pb_old_content":"","_et_gb_content_width":"","footnotes":""},"categories":[442,574],"tags":[],"class_list":["post-13396","post","type-post","status-publish","format-standard","has-post-thumbnail","hentry","category-traditionelle-veranstaltungen-de-de-de","category-wochenend-erlebnispakete"],"acf":[],"yoast_head":"<!-- This site is optimized with the Yoast SEO plugin v25.9 - https:\/\/yoast.com\/wordpress\/plugins\/seo\/ -->\n<title>Wochenende der Tradition: Die Candelora-Messe | TOUR OPERATOR INCOMING LIGURIA COSTA AZZURRA PROVENZA PIEMONTE<\/title>\n<meta name=\"description\" content=\"Historische kulinarische Veranstaltung mit der Candelora-Messe, traditionell am ersten Wochenende im Februar in San Bartolomeo al Mare in Ligurien.\" \/>\n<meta name=\"robots\" content=\"index, follow, max-snippet:-1, max-image-preview:large, max-video-preview:-1\" \/>\n<link rel=\"canonical\" href=\"https:\/\/nyalatravel.com\/de\/wochenende-der-tradition-die-candelora-messe\/\" \/>\n<meta property=\"og:locale\" content=\"de_DE\" \/>\n<meta property=\"og:type\" content=\"article\" \/>\n<meta property=\"og:title\" content=\"Wochenende der Tradition: Die Candelora-Messe | TOUR OPERATOR INCOMING LIGURIA COSTA AZZURRA PROVENZA PIEMONTE\" \/>\n<meta property=\"og:description\" content=\"Historische kulinarische Veranstaltung mit der Candelora-Messe, traditionell am ersten Wochenende im Februar in San Bartolomeo al Mare in Ligurien.\" \/>\n<meta property=\"og:url\" content=\"https:\/\/nyalatravel.com\/de\/wochenende-der-tradition-die-candelora-messe\/\" \/>\n<meta property=\"og:site_name\" content=\"TOUR OPERATOR INCOMING LIGURIA COSTA AZZURRA PROVENZA PIEMONTE\" \/>\n<meta property=\"article:published_time\" content=\"2024-07-29T10:58:18+00:00\" \/>\n<meta property=\"article:modified_time\" content=\"2024-08-16T09:05:49+00:00\" \/>\n<meta property=\"og:image\" content=\"https:\/\/nyalatravel.com\/wp-content\/uploads\/2012\/11\/1430__comimm1.jpg\" \/>\n\t<meta property=\"og:image:width\" content=\"980\" \/>\n\t<meta property=\"og:image:height\" content=\"350\" \/>\n\t<meta property=\"og:image:type\" content=\"image\/jpeg\" \/>\n<meta name=\"author\" content=\"nyala\" \/>\n<meta name=\"twitter:label1\" content=\"Verfasst von\" \/>\n\t<meta name=\"twitter:data1\" content=\"nyala\" \/>\n\t<meta name=\"twitter:label2\" content=\"Gesch\u00e4tzte Lesezeit\" \/>\n\t<meta name=\"twitter:data2\" content=\"3\u00a0Minuten\" \/>\n<script type=\"application\/ld+json\" class=\"yoast-schema-graph\">{\"@context\":\"https:\/\/schema.org\",\"@graph\":[{\"@type\":\"WebPage\",\"@id\":\"https:\/\/nyalatravel.com\/de\/wochenende-der-tradition-die-candelora-messe\/\",\"url\":\"https:\/\/nyalatravel.com\/de\/wochenende-der-tradition-die-candelora-messe\/\",\"name\":\"Wochenende der Tradition: Die Candelora-Messe | TOUR OPERATOR INCOMING LIGURIA COSTA AZZURRA PROVENZA PIEMONTE\",\"isPartOf\":{\"@id\":\"https:\/\/nyalatravel.com\/de\/#website\"},\"primaryImageOfPage\":{\"@id\":\"https:\/\/nyalatravel.com\/de\/wochenende-der-tradition-die-candelora-messe\/#primaryimage\"},\"image\":{\"@id\":\"https:\/\/nyalatravel.com\/de\/wochenende-der-tradition-die-candelora-messe\/#primaryimage\"},\"thumbnailUrl\":\"https:\/\/nyalatravel.com\/wp-content\/uploads\/2012\/11\/1430__comimm1.jpg\",\"datePublished\":\"2024-07-29T10:58:18+00:00\",\"dateModified\":\"2024-08-16T09:05:49+00:00\",\"author\":{\"@id\":\"https:\/\/nyalatravel.com\/de\/#\/schema\/person\/1656f6d442b2c1139ca48a1cce656e7c\"},\"description\":\"Historische kulinarische Veranstaltung mit der Candelora-Messe, traditionell am ersten Wochenende im Februar in San Bartolomeo al Mare in Ligurien.\",\"breadcrumb\":{\"@id\":\"https:\/\/nyalatravel.com\/de\/wochenende-der-tradition-die-candelora-messe\/#breadcrumb\"},\"inLanguage\":\"de\",\"potentialAction\":[{\"@type\":\"ReadAction\",\"target\":[\"https:\/\/nyalatravel.com\/de\/wochenende-der-tradition-die-candelora-messe\/\"]}]},{\"@type\":\"ImageObject\",\"inLanguage\":\"de\",\"@id\":\"https:\/\/nyalatravel.com\/de\/wochenende-der-tradition-die-candelora-messe\/#primaryimage\",\"url\":\"https:\/\/nyalatravel.com\/wp-content\/uploads\/2012\/11\/1430__comimm1.jpg\",\"contentUrl\":\"https:\/\/nyalatravel.com\/wp-content\/uploads\/2012\/11\/1430__comimm1.jpg\",\"width\":\"980\",\"height\":\"350\",\"caption\":\"San Bartolomeo al Mare\"},{\"@type\":\"BreadcrumbList\",\"@id\":\"https:\/\/nyalatravel.com\/de\/wochenende-der-tradition-die-candelora-messe\/#breadcrumb\",\"itemListElement\":[{\"@type\":\"ListItem\",\"position\":1,\"name\":\"Home\",\"item\":\"https:\/\/nyalatravel.com\/de\/\"},{\"@type\":\"ListItem\",\"position\":2,\"name\":\"Wochenende der Tradition: Die Candelora-Messe\"}]},{\"@type\":\"WebSite\",\"@id\":\"https:\/\/nyalatravel.com\/de\/#website\",\"url\":\"https:\/\/nyalatravel.com\/de\/\",\"name\":\"TOUR OPERATOR INCOMING LIGURIA COSTA AZZURRA PROVENZA PIEMONTE\",\"description\":\"Nyala Wonder Travel D.M.C. Sanremo\",\"potentialAction\":[{\"@type\":\"SearchAction\",\"target\":{\"@type\":\"EntryPoint\",\"urlTemplate\":\"https:\/\/nyalatravel.com\/de\/?s={search_term_string}\"},\"query-input\":{\"@type\":\"PropertyValueSpecification\",\"valueRequired\":true,\"valueName\":\"search_term_string\"}}],\"inLanguage\":\"de\"},{\"@type\":\"Person\",\"@id\":\"https:\/\/nyalatravel.com\/de\/#\/schema\/person\/1656f6d442b2c1139ca48a1cce656e7c\",\"name\":\"nyala\",\"image\":{\"@type\":\"ImageObject\",\"inLanguage\":\"de\",\"@id\":\"https:\/\/nyalatravel.com\/de\/#\/schema\/person\/image\/\",\"url\":\"https:\/\/secure.gravatar.com\/avatar\/f7a5868e5bab01769ba9e8d575a8e64c7b2565c93e480cff0ab08e82e18f9ab1?s=96&d=mm&r=g\",\"contentUrl\":\"https:\/\/secure.gravatar.com\/avatar\/f7a5868e5bab01769ba9e8d575a8e64c7b2565c93e480cff0ab08e82e18f9ab1?s=96&d=mm&r=g\",\"caption\":\"nyala\"}}]}<\/script>\n<!-- \/ Yoast SEO plugin. -->","yoast_head_json":{"title":"Wochenende der Tradition: Die Candelora-Messe | TOUR OPERATOR INCOMING LIGURIA COSTA AZZURRA PROVENZA PIEMONTE","description":"Historische kulinarische Veranstaltung mit der Candelora-Messe, traditionell am ersten Wochenende im Februar in San Bartolomeo al Mare in Ligurien.","robots":{"index":"index","follow":"follow","max-snippet":"max-snippet:-1","max-image-preview":"max-image-preview:large","max-video-preview":"max-video-preview:-1"},"canonical":"https:\/\/nyalatravel.com\/de\/wochenende-der-tradition-die-candelora-messe\/","og_locale":"de_DE","og_type":"article","og_title":"Wochenende der Tradition: Die Candelora-Messe | TOUR OPERATOR INCOMING LIGURIA COSTA AZZURRA PROVENZA PIEMONTE","og_description":"Historische kulinarische Veranstaltung mit der Candelora-Messe, traditionell am ersten Wochenende im Februar in San Bartolomeo al Mare in Ligurien.","og_url":"https:\/\/nyalatravel.com\/de\/wochenende-der-tradition-die-candelora-messe\/","og_site_name":"TOUR OPERATOR INCOMING LIGURIA COSTA AZZURRA PROVENZA PIEMONTE","article_published_time":"2024-07-29T10:58:18+00:00","article_modified_time":"2024-08-16T09:05:49+00:00","og_image":[{"width":980,"height":350,"url":"https:\/\/nyalatravel.com\/wp-content\/uploads\/2012\/11\/1430__comimm1.jpg","type":"image\/jpeg"}],"author":"nyala","twitter_misc":{"Verfasst von":"nyala","Gesch\u00e4tzte Lesezeit":"3\u00a0Minuten"},"schema":{"@context":"https:\/\/schema.org","@graph":[{"@type":"WebPage","@id":"https:\/\/nyalatravel.com\/de\/wochenende-der-tradition-die-candelora-messe\/","url":"https:\/\/nyalatravel.com\/de\/wochenende-der-tradition-die-candelora-messe\/","name":"Wochenende der Tradition: Die Candelora-Messe | TOUR OPERATOR INCOMING LIGURIA COSTA AZZURRA PROVENZA PIEMONTE","isPartOf":{"@id":"https:\/\/nyalatravel.com\/de\/#website"},"primaryImageOfPage":{"@id":"https:\/\/nyalatravel.com\/de\/wochenende-der-tradition-die-candelora-messe\/#primaryimage"},"image":{"@id":"https:\/\/nyalatravel.com\/de\/wochenende-der-tradition-die-candelora-messe\/#primaryimage"},"thumbnailUrl":"https:\/\/nyalatravel.com\/wp-content\/uploads\/2012\/11\/1430__comimm1.jpg","datePublished":"2024-07-29T10:58:18+00:00","dateModified":"2024-08-16T09:05:49+00:00","author":{"@id":"https:\/\/nyalatravel.com\/de\/#\/schema\/person\/1656f6d442b2c1139ca48a1cce656e7c"},"description":"Historische kulinarische Veranstaltung mit der Candelora-Messe, traditionell am ersten Wochenende im Februar in San Bartolomeo al Mare in Ligurien.","breadcrumb":{"@id":"https:\/\/nyalatravel.com\/de\/wochenende-der-tradition-die-candelora-messe\/#breadcrumb"},"inLanguage":"de","potentialAction":[{"@type":"ReadAction","target":["https:\/\/nyalatravel.com\/de\/wochenende-der-tradition-die-candelora-messe\/"]}]},{"@type":"ImageObject","inLanguage":"de","@id":"https:\/\/nyalatravel.com\/de\/wochenende-der-tradition-die-candelora-messe\/#primaryimage","url":"https:\/\/nyalatravel.com\/wp-content\/uploads\/2012\/11\/1430__comimm1.jpg","contentUrl":"https:\/\/nyalatravel.com\/wp-content\/uploads\/2012\/11\/1430__comimm1.jpg","width":"980","height":"350","caption":"San Bartolomeo al Mare"},{"@type":"BreadcrumbList","@id":"https:\/\/nyalatravel.com\/de\/wochenende-der-tradition-die-candelora-messe\/#breadcrumb","itemListElement":[{"@type":"ListItem","position":1,"name":"Home","item":"https:\/\/nyalatravel.com\/de\/"},{"@type":"ListItem","position":2,"name":"Wochenende der Tradition: Die Candelora-Messe"}]},{"@type":"WebSite","@id":"https:\/\/nyalatravel.com\/de\/#website","url":"https:\/\/nyalatravel.com\/de\/","name":"TOUR OPERATOR INCOMING LIGURIA COSTA AZZURRA PROVENZA PIEMONTE","description":"Nyala Wonder Travel D.M.C. Sanremo","potentialAction":[{"@type":"SearchAction","target":{"@type":"EntryPoint","urlTemplate":"https:\/\/nyalatravel.com\/de\/?s={search_term_string}"},"query-input":{"@type":"PropertyValueSpecification","valueRequired":true,"valueName":"search_term_string"}}],"inLanguage":"de"},{"@type":"Person","@id":"https:\/\/nyalatravel.com\/de\/#\/schema\/person\/1656f6d442b2c1139ca48a1cce656e7c","name":"nyala","image":{"@type":"ImageObject","inLanguage":"de","@id":"https:\/\/nyalatravel.com\/de\/#\/schema\/person\/image\/","url":"https:\/\/secure.gravatar.com\/avatar\/f7a5868e5bab01769ba9e8d575a8e64c7b2565c93e480cff0ab08e82e18f9ab1?s=96&d=mm&r=g","contentUrl":"https:\/\/secure.gravatar.com\/avatar\/f7a5868e5bab01769ba9e8d575a8e64c7b2565c93e480cff0ab08e82e18f9ab1?s=96&d=mm&r=g","caption":"nyala"}}]}},"_links":{"self":[{"href":"https:\/\/nyalatravel.com\/de\/wp-json\/wp\/v2\/posts\/13396","targetHints":{"allow":["GET"]}}],"collection":[{"href":"https:\/\/nyalatravel.com\/de\/wp-json\/wp\/v2\/posts"}],"about":[{"href":"https:\/\/nyalatravel.com\/de\/wp-json\/wp\/v2\/types\/post"}],"author":[{"embeddable":true,"href":"https:\/\/nyalatravel.com\/de\/wp-json\/wp\/v2\/users\/1"}],"replies":[{"embeddable":true,"href":"https:\/\/nyalatravel.com\/de\/wp-json\/wp\/v2\/comments?post=13396"}],"version-history":[{"count":5,"href":"https:\/\/nyalatravel.com\/de\/wp-json\/wp\/v2\/posts\/13396\/revisions"}],"predecessor-version":[{"id":14136,"href":"https:\/\/nyalatravel.com\/de\/wp-json\/wp\/v2\/posts\/13396\/revisions\/14136"}],"wp:featuredmedia":[{"embeddable":true,"href":"https:\/\/nyalatravel.com\/de\/wp-json\/wp\/v2\/media\/10620"}],"wp:attachment":[{"href":"https:\/\/nyalatravel.com\/de\/wp-json\/wp\/v2\/media?parent=13396"}],"wp:term":[{"taxonomy":"category","embeddable":true,"href":"https:\/\/nyalatravel.com\/de\/wp-json\/wp\/v2\/categories?post=13396"},{"taxonomy":"post_tag","embeddable":true,"href":"https:\/\/nyalatravel.com\/de\/wp-json\/wp\/v2\/tags?post=13396"}],"curies":[{"name":"wp","href":"https:\/\/api.w.org\/{rel}","templated":true}]}}